{"id":4978,"date":"2009-07-09T14:07:20","date_gmt":"2009-07-09T18:07:20","guid":{"rendered":"http:\/\/www.redenoticia.com.br\/noticia\/?p=4978"},"modified":"2009-07-09T14:08:53","modified_gmt":"2009-07-09T18:08:53","slug":"ji-parana-tera-reuniao-de-negocios-entre-empresarios-de-rondonia-e-a-camargo-correa","status":"publish","type":"post","link":"https:\/\/migracao.redenoticia.com.br\/noticia\/2009\/ji-parana-tera-reuniao-de-negocios-entre-empresarios-de-rondonia-e-a-camargo-correa\/4978","title":{"rendered":"Ji-Paran\u00e1 ter\u00e1 reuni\u00e3o de neg\u00f3cios entre empres\u00e1rios de Rond\u00f4nia e a Camargo Correa"},"content":{"rendered":"<p>A Construtora Camargo Correia, respons\u00e1vel pela constru\u00e7\u00e3o da Usina de Jirau em Rond\u00f4nia, estar\u00e1 se reunindo com empres\u00e1rios de Ji-Paran\u00e1 nesta sexta-feira, onde ser\u00e1 apresentado o canteiro de obra da usina. A empresa tamb\u00e9m far\u00e1 uma analise do potencial de produ\u00e7\u00e3o do munic\u00edpio para negociar produtos indispens\u00e1veis durante o desenvolvimento da obra.<\/p>\n<p>Segundo a construtora \u201cHoje em dia, um processo de compras requer da empresa uma an\u00e1lise antecipada da quantidade exata a ser adquirida. N\u00e3o h\u00e1 mais espa\u00e7o para desperd\u00edcios no mundo atual. O olhar primeiramente para fora da empresa \u00e9 de fundamental import\u00e2ncia para qualquer empreitada empresarial no mundo globalizado\u201d<\/p>\n<p>\u00c9 importante que os empres\u00e1rios apresentem prospectos de seus produtos e a capacidade de produ\u00e7\u00e3o, uma vez que os contratos poder\u00e3o ser pactuados at\u00e9 o t\u00e9rmino das obras das usinas do Madeira.<\/p>\n<p>O encontro em Ji-Paran\u00e1 ter\u00e1 a presen\u00e7a da Senadora F\u00e1tima Cleide e ser\u00e1 nesta sexta, 10 de Julho, \u00e0s 15h00, no audit\u00f3rio da UNIJIPA. Est\u00e3o convidados empres\u00e1rios de todos os segmentos, inclusive produtores hortifrutigranjeiros.<br \/>\nFonte:<strong> ACIJIP<\/strong><\/p>\n","protected":false},"excerpt":{"rendered":"<p>A Construtora Camargo Correia, respons\u00e1vel pela constru\u00e7\u00e3o da Usina de Jirau em Rond\u00f4nia, estar\u00e1 se reunindo com empres\u00e1rios de Ji-Paran\u00e1 nesta sexta-feira, onde ser\u00e1 apresentado o canteiro de obra da usina. A empresa tamb\u00e9m far\u00e1 uma analise do potencial de produ\u00e7\u00e3o do munic\u00edpio para negociar produtos indispens\u00e1veis durante o desenvolvimento da obra. Segundo a construtora [&hellip;]<\/p>\n","protected":false},"author":3,"featured_media":0,"comment_status":"open","ping_status":"open","sticky":false,"template":"","format":"standard","meta":{"tdm_status":"","tdm_grid_status":"","footnotes":""},"categories":[22,7],"tags":[],"class_list":{"0":"post-4978","1":"post","2":"type-post","3":"status-publish","4":"format-standard","6":"category-brasil","7":"category-economia"},"_links":{"self":[{"href":"https:\/\/migracao.redenoticia.com.br\/noticia\/wp-json\/wp\/v2\/posts\/4978","targetHints":{"allow":["GET"]}}],"collection":[{"href":"https:\/\/migracao.redenoticia.com.br\/noticia\/wp-json\/wp\/v2\/posts"}],"about":[{"href":"https:\/\/migracao.redenoticia.com.br\/noticia\/wp-json\/wp\/v2\/types\/post"}],"author":[{"embeddable":true,"href":"https:\/\/migracao.redenoticia.com.br\/noticia\/wp-json\/wp\/v2\/users\/3"}],"replies":[{"embeddable":true,"href":"https:\/\/migracao.redenoticia.com.br\/noticia\/wp-json\/wp\/v2\/comments?post=4978"}],"version-history":[{"count":0,"href":"https:\/\/migracao.redenoticia.com.br\/noticia\/wp-json\/wp\/v2\/posts\/4978\/revisions"}],"wp:attachment":[{"href":"https:\/\/migracao.redenoticia.com.br\/noticia\/wp-json\/wp\/v2\/media?parent=4978"}],"wp:term":[{"taxonomy":"category","embeddable":true,"href":"https:\/\/migracao.redenoticia.com.br\/noticia\/wp-json\/wp\/v2\/categories?post=4978"},{"taxonomy":"post_tag","embeddable":true,"href":"https:\/\/migracao.redenoticia.com.br\/noticia\/wp-json\/wp\/v2\/tags?post=4978"}],"curies":[{"name":"wp","href":"https:\/\/api.w.org\/{rel}","templated":true}]}}