{"id":4981,"date":"2009-07-09T13:41:19","date_gmt":"2009-07-09T17:41:19","guid":{"rendered":"http:\/\/www.redenoticia.com.br\/noticia\/?p=4981"},"modified":"2009-07-09T13:41:19","modified_gmt":"2009-07-09T17:41:19","slug":"em-ji-parana-tergon-%e2%80%9cabalou-jaguariuna%e2%80%9d","status":"publish","type":"post","link":"https:\/\/migracao.redenoticia.com.br\/noticia\/2009\/em-ji-parana-tergon-%e2%80%9cabalou-jaguariuna%e2%80%9d\/4981","title":{"rendered":"Em Ji-Paran\u00e1, Tergon \u201cabalou Jaguari\u00fana\u201d"},"content":{"rendered":"<p>O colunista social Tergon est\u00e1 entrevistando todos os Vips que visitam a Feira Agropecu\u00e1ria de Ji-Paran\u00e1. O jarg\u00e3o utilizado este ano para enfatizar as personalidades n\u00e3o podia ser melhor, \u201cabalou Jaguari\u00fana\u201d, em refer\u00eancia \u00e0 badalada feira do interior paulista.<\/p>\n<p>Tergon faz sucesso com seu programa de entrevistas todos os anos nas principais feiras e exposi\u00e7\u00f5es de Rond\u00f4nia, mas os entrevistados sempre pedem que seja montado o famoso estande \u201cNa cama com Tergon\u201d, onde os convidados s\u00e3o recebidos com pompa no meio do p\u00fablico presente,<\/p>\n<p>Este ano, em Ji-Paran\u00e1, a cama e um luxuoso estande est\u00e3o montados no parque, ao lado da Assembl\u00e9ia Legislativa mas nem sinal do Tergon. Ele, por enquanto, se diverte gravando o seu programa nos espa\u00e7os reservados, patrocinados por grandes empresas.<\/p>\n<p>A 30\u00aa feira em Ji-Paran\u00e1 vai at\u00e9 domingo, dia 12, e at\u00e9 l\u00e1 espera-se que Jagari\u00fana seja muito abalada.<\/p>\n","protected":false},"excerpt":{"rendered":"<p>O colunista social Tergon est\u00e1 entrevistando todos os Vips que visitam a Feira Agropecu\u00e1ria de Ji-Paran\u00e1. O jarg\u00e3o utilizado este ano para enfatizar as personalidades n\u00e3o podia ser melhor, \u201cabalou Jaguari\u00fana\u201d, em refer\u00eancia \u00e0 badalada feira do interior paulista. Tergon faz sucesso com seu programa de entrevistas todos os anos nas principais feiras e exposi\u00e7\u00f5es [&hellip;]<\/p>\n","protected":false},"author":3,"featured_media":0,"comment_status":"open","ping_status":"open","sticky":false,"template":"","format":"standard","meta":{"tdm_status":"","tdm_grid_status":"","footnotes":""},"categories":[22],"tags":[],"class_list":{"0":"post-4981","1":"post","2":"type-post","3":"status-publish","4":"format-standard","6":"category-brasil"},"_links":{"self":[{"href":"https:\/\/migracao.redenoticia.com.br\/noticia\/wp-json\/wp\/v2\/posts\/4981","targetHints":{"allow":["GET"]}}],"collection":[{"href":"https:\/\/migracao.redenoticia.com.br\/noticia\/wp-json\/wp\/v2\/posts"}],"about":[{"href":"https:\/\/migracao.redenoticia.com.br\/noticia\/wp-json\/wp\/v2\/types\/post"}],"author":[{"embeddable":true,"href":"https:\/\/migracao.redenoticia.com.br\/noticia\/wp-json\/wp\/v2\/users\/3"}],"replies":[{"embeddable":true,"href":"https:\/\/migracao.redenoticia.com.br\/noticia\/wp-json\/wp\/v2\/comments?post=4981"}],"version-history":[{"count":0,"href":"https:\/\/migracao.redenoticia.com.br\/noticia\/wp-json\/wp\/v2\/posts\/4981\/revisions"}],"wp:attachment":[{"href":"https:\/\/migracao.redenoticia.com.br\/noticia\/wp-json\/wp\/v2\/media?parent=4981"}],"wp:term":[{"taxonomy":"category","embeddable":true,"href":"https:\/\/migracao.redenoticia.com.br\/noticia\/wp-json\/wp\/v2\/categories?post=4981"},{"taxonomy":"post_tag","embeddable":true,"href":"https:\/\/migracao.redenoticia.com.br\/noticia\/wp-json\/wp\/v2\/tags?post=4981"}],"curies":[{"name":"wp","href":"https:\/\/api.w.org\/{rel}","templated":true}]}}