{"id":4986,"date":"2009-07-09T13:50:40","date_gmt":"2009-07-09T17:50:40","guid":{"rendered":"http:\/\/www.redenoticia.com.br\/noticia\/?p=4986"},"modified":"2009-07-09T14:07:19","modified_gmt":"2009-07-09T18:07:19","slug":"casos-de-dengue-caem-115-em-rondonia","status":"publish","type":"post","link":"https:\/\/migracao.redenoticia.com.br\/noticia\/2009\/casos-de-dengue-caem-115-em-rondonia\/4986","title":{"rendered":"Casos de dengue caem 11,5% em Rond\u00f4nia"},"content":{"rendered":"<p>Rond\u00f4nia registrou queda de 11,5% no registro de casos de dengue nas primeiras 23 semanas deste ano em rela\u00e7\u00e3o ao mesmo per\u00edodo do ano passado, revela balan\u00e7o divulgado pelo Minist\u00e9rio da Sa\u00fade (MS) nesta quinta-feira, dia 9. Segundo informa\u00e7\u00f5es enviadas pela Secretaria de Estado da Sa\u00fade de RO, 6.701 pessoas contra\u00edram a doen\u00e7a entre 1\u00aa de janeiro e 13 de junho deste ano. No mesmo per\u00edodo de 2008, o n\u00famero de infectados foi de 7.573.<\/p>\n<p>Em todo o pa\u00eds, o n\u00famero de notifica\u00e7\u00f5es foi de 361.552 nas primeiras 23 semanas deste ano. Isso significa uma queda de 49,8% em rela\u00e7\u00e3o ao mesmo per\u00edodo de 2008, em que foram registradas 719.593 infec\u00e7\u00f5es pelo\u00a0<em>Aedes aegypti<\/em>. As redu\u00e7\u00f5es foram de 65,5% no Sudeste, 49,9% no Sul, 47,3% no Nordeste e 29,9% no Norte. O Centro-Oeste, por\u00e9m, registrou aumento de 13,8% nas notifica\u00e7\u00f5es da doen\u00e7a. O \u00edndice nesta regi\u00e3o foi puxado, principalmente, pelo n\u00famero de infec\u00e7\u00f5es em Mato Grosso e Mato Grosso do Sul, de 29.825 e 11.740, respectivamente (<em>veja quadro<\/em>).<\/p>\n<p><strong>DESTAQUES &#8211;<\/strong> A redu\u00e7\u00e3o foi verificada em 19 estados e no Distrito Federal. Entre os destaques, est\u00e3o os\u00a0estados de Goi\u00e1s e Minas Gerais, que apesar de estarem entre as unidades com maior n\u00famero de casos, apresentam redu\u00e7\u00e3o de 43,0 % e 10,4%, respectivamente.<\/p>\n<p>Al\u00e9m disso, mesmo com registro de casos graves de dengue, os estados do Amap\u00e1, Tocantins, Rio Grande do Norte, Maranh\u00e3o, Piau\u00ed, Pernambuco, Alagoas, S\u00e3o Paulo e Paran\u00e1, n\u00e3o notificaram \u00f3bitos. Na Para\u00edba, por sua vez, n\u00e3o houve registro de casos graves nem de mortes. Outra boa not\u00edcia \u00e9 o fato de os estados do Amazonas, Roraima e Goi\u00e1s terem apresentado taxa de letalidade por dengue de aproximadamente 1%, o que se mant\u00e9m dentro dos padr\u00f5es aceitos pela Organiza\u00e7\u00e3o Mundial da Sa\u00fade (OMS).<\/p>\n<p>Por outro lado, sete estados registraram aumento no n\u00famero de infec\u00e7\u00f5es pelo\u00a0<em>Aedes aegypti<\/em> \u2013 Acre, Roraima, Amap\u00e1, Bahia, Esp\u00edrito Santo, Mato Grosso do Sul e Mato Grosso. Juntos, eles representam 56% do total de casos de dengue no pa\u00eds\u00a0<strong>(<em>Veja as a\u00e7\u00f5es do Minist\u00e9rio da Sa\u00fade nesses estados at\u00e9 o momento no Portal Sa\u00fade \u2013<\/em><\/strong> <a href=\"http:\/\/www.saude.gov.br\/\" target=\"_blank\">www.saude.gov.br<\/a>).<\/p>\n<p><strong>CONTROLE\u00a0&#8211;<\/strong> Embora o dado nacional seja positivo, o Minist\u00e9rio da Sa\u00fade alerta para o fato de que as a\u00e7\u00f5es de controle e preven\u00e7\u00e3o s\u00e3o permanentes e devem envolver governo federal, estados e munic\u00edpios, al\u00e9m da popula\u00e7\u00e3o, entidades de classe, organiza\u00e7\u00f5es n\u00e3o governamentais e iniciativa privada.<\/p>\n<p>Para o diretor de Vigil\u00e2ncia Epidemiol\u00f3gica do minist\u00e9rio, Eduardo Hage, a dengue deve ser combatida todos os dias, mesmo nos per\u00edodos em que as chuvas diminuem. Isso porque, explica ele, o ovo do mosquito pode se manter em condi\u00e7\u00f5es para eclodir e virar larva por um per\u00edodo de at\u00e9 400 dias. \u201dAlem disso, a sociedade deve participar com a\u00e7\u00f5es simples como trocar a \u00e1gua do vaso de planta e lavar as laterais e bordas do recipiente com bucha, pois nesses locais os ovos tamb\u00e9m podem eclodir\u201d, afirma Hage.<\/p>\n<p><strong>CASOS GRAVES \u2013 <\/strong>O\u00a0balan\u00e7o tamb\u00e9m mostra queda de 85,2% no n\u00famero de casos de Febre Hemorr\u00e1gica de Dengue (FHD) notificados pelos estados ao Minist\u00e9rio da Sa\u00fade. Nas primeiras 23 semanas deste ano, 1.021 pessoas tiveram FHD. No mesmo per\u00edodo de 2008, foram 3.487 notifica\u00e7\u00f5es. Ao todo, 79 pessoas morreram por conta da FHD neste ano, dado 60,6% menor que os 201 \u00f3bitos registrados no mesmo per\u00edodo de 2008.<\/p>\n<p>O Minist\u00e9rio registrou queda em rela\u00e7\u00e3o aos casos com complica\u00e7\u00f5es. No per\u00edodo avaliado pelo relat\u00f3rio, 1.931 pessoas tiveram dengue com complica\u00e7\u00f5es, contra 16.413 no mesmo espa\u00e7o de tempo em 2008, o que representa uma redu\u00e7\u00e3o de 88,23%. Quanto aos \u00f3bitos causados por dengue com complica\u00e7\u00f5es, houve redu\u00e7\u00e3o de 77,87%, passando de 235, em 2008, para 52, neste ano.\u00a0Em compara\u00e7\u00e3o com o presente ano, houve uma redu\u00e7\u00e3o no n\u00famero de \u00f3bito para o total de casos graves em 69,9.%.<\/p>\n<p><strong>MOBILIZA\u00c7\u00c3O \u2013 <\/strong>Desde outubro do ano passado, o Minist\u00e9rio da Sa\u00fade intensificou a mobiliza\u00e7\u00e3o para evitar um agravamento do quadro de dengue em 2009. A ideia foi come\u00e7ar as a\u00e7\u00f5es antes do in\u00edcio do per\u00edodo de maior transmiss\u00e3o da doen\u00e7a, que vai de janeiro a maio e concentra 70% das notifica\u00e7\u00f5es.<\/p>\n<p>Na\u00a0ocasi\u00e3o, o governo federal anunciou o aumento de recursos para estados e munic\u00edpios, que elevou para R$ 1,08 bilh\u00e3o a verba para o combate \u00e0 doen\u00e7a, e a compra e distribui\u00e7\u00e3o aos estados de 270 nebulizadores costais motorizados, 200 ve\u00edculos Kombi, 100 motocicletas, 40 ve\u00edculos pick-up e 30 pulverizadores costais motorizados.<\/p>\n<p>Al\u00e9m disso, para oferecer melhores condi\u00e7\u00f5es aos estados e munic\u00edpios na intensifica\u00e7\u00e3o das a\u00e7\u00f5es de combate ao\u00a0<em>Aedes aegypti<\/em>, o Minist\u00e9rio da Sa\u00fade promoveu um aumento de R$ 128 milh\u00f5es nos recursos do Teto Financeiro de Vigil\u00e2ncia em Sa\u00fade (TFVS) para os munic\u00edpios de maior risco para a transmiss\u00e3o de dengue no pa\u00eds.<\/p>\n<p>Em parceria com o Minist\u00e9rio da Defesa, o MS colocou \u00e0 disposi\u00e7\u00e3o 2,3 mil militares para o combate \u00e0 dengue e o atendimento a pacientes. J\u00e1 uma parceria com o Minist\u00e9rio da Educa\u00e7\u00e3o possibilitou que professores e estudantes do ensino b\u00e1sico tivessem acesso a informa\u00e7\u00f5es sobre a dengue por meio do filme \u201cVila Sa\u00fade\u201d.<\/p>\n<p>O\u00a0ministro Jos\u00e9 Gomes Tempor\u00e3o tamb\u00e9m manteve intensa agenda com os gestores nos estados e munic\u00edpios \u2014 especialmente para alertar contra uma eventual desmobiliza\u00e7\u00e3o e interrup\u00e7\u00e3o das a\u00e7\u00f5es de controle no per\u00edodo de transi\u00e7\u00e3o de prefeitos e equipes ap\u00f3s as elei\u00e7\u00f5es municipais. O Minist\u00e9rio da Sa\u00fade lan\u00e7ou, ainda, uma nova campanha de m\u00eddia sobre a preven\u00e7\u00e3o da doen\u00e7a e anunciou os resultados do Levantamento R\u00e1pido de \u00cdndice de Infesta\u00e7\u00e3o por\u00a0<em>Aedes aegypti<\/em> (LIRAa), cuja proposta foi anunciar o alerta nacional de refor\u00e7o de a\u00e7\u00f5es em \u00e1reas cr\u00edticas, entre outras medidas.<\/p>\n","protected":false},"excerpt":{"rendered":"<p>Rond\u00f4nia registrou queda de 11,5% no registro de casos de dengue nas primeiras 23 semanas deste ano em rela\u00e7\u00e3o ao mesmo per\u00edodo do ano passado, revela balan\u00e7o divulgado pelo Minist\u00e9rio da Sa\u00fade (MS) nesta quinta-feira, dia 9. Segundo informa\u00e7\u00f5es enviadas pela Secretaria de Estado da Sa\u00fade de RO, 6.701 pessoas contra\u00edram a doen\u00e7a entre 1\u00aa [&hellip;]<\/p>\n","protected":false},"author":2,"featured_media":0,"comment_status":"open","ping_status":"open","sticky":false,"template":"","format":"standard","meta":{"tdm_status":"","tdm_grid_status":"","footnotes":""},"categories":[5],"tags":[],"class_list":{"0":"post-4986","1":"post","2":"type-post","3":"status-publish","4":"format-standard","6":"category-saude-e-vida"},"_links":{"self":[{"href":"https:\/\/migracao.redenoticia.com.br\/noticia\/wp-json\/wp\/v2\/posts\/4986","targetHints":{"allow":["GET"]}}],"collection":[{"href":"https:\/\/migracao.redenoticia.com.br\/noticia\/wp-json\/wp\/v2\/posts"}],"about":[{"href":"https:\/\/migracao.redenoticia.com.br\/noticia\/wp-json\/wp\/v2\/types\/post"}],"author":[{"embeddable":true,"href":"https:\/\/migracao.redenoticia.com.br\/noticia\/wp-json\/wp\/v2\/users\/2"}],"replies":[{"embeddable":true,"href":"https:\/\/migracao.redenoticia.com.br\/noticia\/wp-json\/wp\/v2\/comments?post=4986"}],"version-history":[{"count":0,"href":"https:\/\/migracao.redenoticia.com.br\/noticia\/wp-json\/wp\/v2\/posts\/4986\/revisions"}],"wp:attachment":[{"href":"https:\/\/migracao.redenoticia.com.br\/noticia\/wp-json\/wp\/v2\/media?parent=4986"}],"wp:term":[{"taxonomy":"category","embeddable":true,"href":"https:\/\/migracao.redenoticia.com.br\/noticia\/wp-json\/wp\/v2\/categories?post=4986"},{"taxonomy":"post_tag","embeddable":true,"href":"https:\/\/migracao.redenoticia.com.br\/noticia\/wp-json\/wp\/v2\/tags?post=4986"}],"curies":[{"name":"wp","href":"https:\/\/api.w.org\/{rel}","templated":true}]}}