{"id":4994,"date":"2009-07-09T14:05:12","date_gmt":"2009-07-09T18:05:12","guid":{"rendered":"http:\/\/www.redenoticia.com.br\/noticia\/?p=4994"},"modified":"2009-07-09T14:05:12","modified_gmt":"2009-07-09T18:05:12","slug":"ji-parana-prova-a-cachaca-de-rondonia","status":"publish","type":"post","link":"https:\/\/migracao.redenoticia.com.br\/noticia\/2009\/ji-parana-prova-a-cachaca-de-rondonia\/4994","title":{"rendered":"Ji-Paran\u00e1 prova a cacha\u00e7a de Rond\u00f4nia"},"content":{"rendered":"<p>A cacha\u00e7a Maria Fuma\u00e7a, produzida em Cerejeiras de forma artesanal a partir do caldo de cana fermentado, est\u00e1 sendo degustada na 30\u00aa Expojipa. A bebida \u00e9 destilada em alambiques de cobre sem adi\u00e7\u00e3o de produtos qu\u00edmicos, igual \u00e0 tecnologia mineira.<\/p>\n<p>Dois tipos de cacha\u00e7a, a ouro e a prata, s\u00e3o servidas aos apreciadores da bebida. A diferen\u00e7a encontra-se no tempo de envelhecimento e tipo de madeira em que s\u00e3o armazenadas, o que lhes confere tonalidade de cor, aroma e sabor pr\u00f3prio.<\/p>\n<p>Depois de 3 anos produzindo e envelhecendo a cacha\u00e7a Maria Fuma\u00e7a, a ind\u00fastria estar\u00e1 implementando a distribui\u00e7\u00e3o do produto. At\u00e9 l\u00e1, os clientes s\u00f3 poder\u00e3o adquirir a bebida com o expositor Eder, durante a feira, na garrafa ou no barril, com pre\u00e7os convidativos por ser lan\u00e7amento.<\/p>\n<p>O estande da Maria Fuma\u00e7a est\u00e1 no espa\u00e7o EMATER e pode ser degustada \u00e0 vontade at\u00e9 o dia 12, quando termina a exposi\u00e7\u00e3o agropecu\u00e1ria 2009 de Ji-Paran\u00e1.<\/p>\n","protected":false},"excerpt":{"rendered":"<p>A cacha\u00e7a Maria Fuma\u00e7a, produzida em Cerejeiras de forma artesanal a partir do caldo de cana fermentado, est\u00e1 sendo degustada na 30\u00aa Expojipa. A bebida \u00e9 destilada em alambiques de cobre sem adi\u00e7\u00e3o de produtos qu\u00edmicos, igual \u00e0 tecnologia mineira. Dois tipos de cacha\u00e7a, a ouro e a prata, s\u00e3o servidas aos apreciadores da bebida. [&hellip;]<\/p>\n","protected":false},"author":3,"featured_media":0,"comment_status":"open","ping_status":"open","sticky":false,"template":"","format":"standard","meta":{"tdm_status":"","tdm_grid_status":"","footnotes":""},"categories":[22],"tags":[],"class_list":{"0":"post-4994","1":"post","2":"type-post","3":"status-publish","4":"format-standard","6":"category-brasil"},"_links":{"self":[{"href":"https:\/\/migracao.redenoticia.com.br\/noticia\/wp-json\/wp\/v2\/posts\/4994","targetHints":{"allow":["GET"]}}],"collection":[{"href":"https:\/\/migracao.redenoticia.com.br\/noticia\/wp-json\/wp\/v2\/posts"}],"about":[{"href":"https:\/\/migracao.redenoticia.com.br\/noticia\/wp-json\/wp\/v2\/types\/post"}],"author":[{"embeddable":true,"href":"https:\/\/migracao.redenoticia.com.br\/noticia\/wp-json\/wp\/v2\/users\/3"}],"replies":[{"embeddable":true,"href":"https:\/\/migracao.redenoticia.com.br\/noticia\/wp-json\/wp\/v2\/comments?post=4994"}],"version-history":[{"count":0,"href":"https:\/\/migracao.redenoticia.com.br\/noticia\/wp-json\/wp\/v2\/posts\/4994\/revisions"}],"wp:attachment":[{"href":"https:\/\/migracao.redenoticia.com.br\/noticia\/wp-json\/wp\/v2\/media?parent=4994"}],"wp:term":[{"taxonomy":"category","embeddable":true,"href":"https:\/\/migracao.redenoticia.com.br\/noticia\/wp-json\/wp\/v2\/categories?post=4994"},{"taxonomy":"post_tag","embeddable":true,"href":"https:\/\/migracao.redenoticia.com.br\/noticia\/wp-json\/wp\/v2\/tags?post=4994"}],"curies":[{"name":"wp","href":"https:\/\/api.w.org\/{rel}","templated":true}]}}