{"id":50,"date":"2009-03-31T12:26:00","date_gmt":"2009-03-31T15:26:00","guid":{"rendered":"http:\/\/www.redenoticia.com.br\/noticia\/?p=50"},"modified":"2009-04-10T18:13:55","modified_gmt":"2009-04-10T21:13:55","slug":"territorio-da-cidadania","status":"publish","type":"post","link":"https:\/\/migracao.redenoticia.com.br\/noticia\/2009\/territorio-da-cidadania\/50","title":{"rendered":"Territ\u00f3rio da Cidadania"},"content":{"rendered":"<p style=\"TEXT-ALIGN: justify\"><span style=\"FONT-SIZE: small; FONT-FAMILY: Calibri\">Nos dias 02 e 03 de abril acontecer\u00e1 no audit\u00f3rio da Secretaria Municipal de Educa\u00e7\u00e3o (Semed), a Reuni\u00e3o do Colegiado do Territ\u00f3rio da Cidadania. O evento visa tra\u00e7ar o plano de a\u00e7\u00e3o do programa para o ano de 2009.<\/span><\/p>\n<p style=\"TEXT-ALIGN: justify\"><span style=\"FONT-SIZE: small; FONT-FAMILY: Calibri\">A abertura da reuni\u00e3o acontecer\u00e1 no dia 02 (quinta-feira) \u00e0s 9 horas da manh\u00e3. Com a presen\u00e7a do Prefeito Jos\u00e9 de Abreu Bianco, articuladores estaduais do territ\u00f3rio da cidadania e ainda representantes dos minist\u00e9rios do Governo Federal. Al\u00e9m de Ji-paran\u00e1, outros 12 munic\u00edpios devem participar do encontro.<\/span><\/p>\n<p style=\"TEXT-ALIGN: justify\"><span style=\"FONT-SIZE: small; FONT-FAMILY: Calibri\">H\u00e1 um ano, a popula\u00e7\u00e3o do Territ\u00f3rio da Cidadania Central de Ji-Paran\u00e1\/RO \u00e9 beneficiada com a integra\u00e7\u00e3o das a\u00e7\u00f5es de minist\u00e9rios e \u00f3rg\u00e3os do Governo Federal que estimulam o desenvolvimento regional e asseguram os direitos sociais.<\/span><\/p>\n<p style=\"TEXT-ALIGN: justify\"><span style=\"FONT-SIZE: small; FONT-FAMILY: Calibri\">Em 2008, o Governo Federal investiu R$97,7 milh\u00f5es no Territ\u00f3rio. Neste ano os investimentos continuam, o Governo Federal vai destinar mais R$ 136,5 milh\u00f5es para a\u00e7\u00f5es de apoio a atividades produtivas, cidadania, desenvolvimento social e infra-estrutura.<\/span><\/p>\n<p style=\"TEXT-ALIGN: justify\"><span style=\"FONT-SIZE: small; FONT-FAMILY: Calibri\">Esses recursos v\u00e3o possibilitar a amplia\u00e7\u00e3o de a\u00e7\u00f5es de assist\u00eancia t\u00e9cnica e infraestrutura para agricultores familiares, assentados da reforma agr\u00e1ria, pescadores e popula\u00e7\u00f5es tradicionais, al\u00e9m de programas como o Pronaf, Luz para Todos, Bolsa Fam\u00edlia, Sa\u00fade da Fam\u00edlia, Farm\u00e1cia Popular e Brasil Alfabetizado.<\/span><\/p>\n<p style=\"TEXT-ALIGN: justify\"><span style=\"FONT-SIZE: small; FONT-FAMILY: Calibri\">O Territ\u00f3rio da Cidadania Central Ji-Paran\u00e1\/RO, \u00e9 formado pelos munic\u00edpios de Alvorada D&#8217; Oeste, Governador Jorge Teixeira, Jaru, Ji-Paran\u00e1, Mirante da Serra, Nova Uni\u00e3o, Ouro Preto do Oeste, Presidente M\u00e9dici, Teixeir\u00f3polis, Theobroma, Urup\u00e1, Vale do Anari e Vale do Para\u00edso. S\u00e3o 309.943 habitantes, sendo que 111.484 vivem na \u00e1rea rural.<\/span><\/p>\n<p style=\"TEXT-ALIGN: justify\"><span style=\"FONT-SIZE: small; FONT-FAMILY: Calibri\">A Central de Ji-Paran\u00e1 tem 20.119 agricultores familiares, 7.076 fam\u00edlias assentadas, 207 fam\u00edlias de pescadores e duas terras ind\u00edgenas.<\/span><\/p>\n<p style=\"TEXT-ALIGN: justify\">\u00a0<\/p>\n<p style=\"TEXT-ALIGN: justify\"><span style=\"FONT-SIZE: small; FONT-FAMILY: Calibri\">Fonte: Decom<\/span><\/p>\n","protected":false},"excerpt":{"rendered":"<p>Nos dias 02 e 03 de abril acontecer\u00e1 no audit\u00f3rio da Secretaria Municipal de Educa\u00e7\u00e3o (Semed), a Reuni\u00e3o do Colegiado do Territ\u00f3rio da Cidadania. O evento visa tra\u00e7ar o plano de a\u00e7\u00e3o do programa para o ano de 2009. A abertura da reuni\u00e3o acontecer\u00e1 no dia 02 (quinta-feira) \u00e0s 9 horas da manh\u00e3. Com a [&hellip;]<\/p>\n","protected":false},"author":2,"featured_media":0,"comment_status":"open","ping_status":"open","sticky":false,"template":"","format":"standard","meta":{"tdm_status":"","tdm_grid_status":"","footnotes":""},"categories":[22],"tags":[],"class_list":{"0":"post-50","1":"post","2":"type-post","3":"status-publish","4":"format-standard","6":"category-brasil"},"_links":{"self":[{"href":"https:\/\/migracao.redenoticia.com.br\/noticia\/wp-json\/wp\/v2\/posts\/50","targetHints":{"allow":["GET"]}}],"collection":[{"href":"https:\/\/migracao.redenoticia.com.br\/noticia\/wp-json\/wp\/v2\/posts"}],"about":[{"href":"https:\/\/migracao.redenoticia.com.br\/noticia\/wp-json\/wp\/v2\/types\/post"}],"author":[{"embeddable":true,"href":"https:\/\/migracao.redenoticia.com.br\/noticia\/wp-json\/wp\/v2\/users\/2"}],"replies":[{"embeddable":true,"href":"https:\/\/migracao.redenoticia.com.br\/noticia\/wp-json\/wp\/v2\/comments?post=50"}],"version-history":[{"count":0,"href":"https:\/\/migracao.redenoticia.com.br\/noticia\/wp-json\/wp\/v2\/posts\/50\/revisions"}],"wp:attachment":[{"href":"https:\/\/migracao.redenoticia.com.br\/noticia\/wp-json\/wp\/v2\/media?parent=50"}],"wp:term":[{"taxonomy":"category","embeddable":true,"href":"https:\/\/migracao.redenoticia.com.br\/noticia\/wp-json\/wp\/v2\/categories?post=50"},{"taxonomy":"post_tag","embeddable":true,"href":"https:\/\/migracao.redenoticia.com.br\/noticia\/wp-json\/wp\/v2\/tags?post=50"}],"curies":[{"name":"wp","href":"https:\/\/api.w.org\/{rel}","templated":true}]}}