{"id":50015,"date":"2013-11-21T19:18:29","date_gmt":"2013-11-21T21:18:29","guid":{"rendered":"http:\/\/www.redenoticia.com.br\/noticia\/?p=50015"},"modified":"2013-11-21T19:18:29","modified_gmt":"2013-11-21T21:18:29","slug":"programa-de-pos-do-cdtn-esta-com-inscricoes-abertas","status":"publish","type":"post","link":"https:\/\/migracao.redenoticia.com.br\/noticia\/2013\/programa-de-pos-do-cdtn-esta-com-inscricoes-abertas\/50015","title":{"rendered":"Programa de p\u00f3s do CDTN est\u00e1 com inscri\u00e7\u00f5es abertas"},"content":{"rendered":"<p>Ag\u00eancia FAPESP\u00a0\u2013 O Centro de Desenvolvimento da Tecnologia Nuclear (CDTN) est\u00e1 com inscri\u00e7\u00f5es abertas para o programa de p\u00f3s-gradua\u00e7\u00e3o em Ci\u00eancia e Tecnologia das Radia\u00e7\u00f5es, Minerais e Materiais.\u00a0<span style=\"font-size: 13px; line-height: 19px;\">O programa oferece 34 vagas para o <em><strong>mestrado<\/strong><\/em> e 20 para o <em><strong>doutorado<\/strong><\/em>, divididas em quatro \u00e1reas de concentra\u00e7\u00e3o: radia\u00e7\u00f5es, minerais e meio ambiente, materiais e reatores nucleares. A escolha da \u00e1rea deve ser feita no ato da inscri\u00e7\u00e3o.<\/span><\/p>\n<p>Os candidatos \u00e0s vagas do mestrado realizar\u00e3o uma prova de conhecimentos t\u00e9cnicos e devem comprovar profici\u00eancia em ingl\u00eas. Os aprovados na primeira fase ser\u00e3o convocados para a etapa seguinte, que consiste na an\u00e1lise do\u00a0Curriculum vitae, do hist\u00f3rico escolar e do projeto de disserta\u00e7\u00e3o e uma entrevista pessoal.<\/p>\n<p>Para o curso de mestrado, que tem dura\u00e7\u00e3o m\u00ednima de 12 e m\u00e1xima de 24 meses, as inscri\u00e7\u00f5es terminam no dia 22 de novembro.<\/p>\n<p>O processo seletivo dos candidatos ao doutorado inclui, primeiro, a an\u00e1lise do curr\u00edculo, hist\u00f3rico escolar e comprova\u00e7\u00e3o de profici\u00eancia em ingl\u00eas. Os aprovados dever\u00e3o entregar o projeto de tese para an\u00e1lise da comiss\u00e3o e tamb\u00e9m ser\u00e3o entrevistados.<\/p>\n<p>A dura\u00e7\u00e3o m\u00ednima do curso de doutorado \u00e9 de 24 meses e, a m\u00e1xima, de 48 meses. As inscri\u00e7\u00f5es se estendem at\u00e9 24 de janeiro de 2014.<\/p>\n<p>A documenta\u00e7\u00e3o para se inscrever nos cursos dever\u00e1 ser entregue pessoalmente ou enviada pelo correio para a Avenida Presidente Ant\u00f4nio Carlos, 6627, no campus da Universidade Federal de Minas Gerais (UFMG), em Belo Horizonte, Minas Gerais.<\/p>\n<p>Os editais podem ser conferidos no site\u00a0<a href=\"http:\/\/www.cdtn.br\/pgcdtn\/pos-graduacao\" target=\"_blank\">http:\/\/www.cdtn.br\/pgcdtn\/pos-graduacao<\/a><\/p>\n","protected":false},"excerpt":{"rendered":"<p>Ag\u00eancia FAPESP\u00a0\u2013 O Centro de Desenvolvimento da Tecnologia Nuclear (CDTN) est\u00e1 com inscri\u00e7\u00f5es abertas para o programa de p\u00f3s-gradua\u00e7\u00e3o em Ci\u00eancia e Tecnologia das Radia\u00e7\u00f5es, Minerais e Materiais.\u00a0O programa oferece 34 vagas para o mestrado e 20 para o doutorado, divididas em quatro \u00e1reas de concentra\u00e7\u00e3o: radia\u00e7\u00f5es, minerais e meio ambiente, materiais e reatores nucleares. [&hellip;]<\/p>\n","protected":false},"author":2,"featured_media":36248,"comment_status":"open","ping_status":"closed","sticky":false,"template":"","format":"standard","meta":{"tdm_status":"","tdm_grid_status":"","footnotes":""},"categories":[22,351,370],"tags":[],"class_list":{"0":"post-50015","1":"post","2":"type-post","3":"status-publish","4":"format-standard","5":"has-post-thumbnail","7":"category-brasil","8":"category-cursos","9":"category-inscricao"},"_links":{"self":[{"href":"https:\/\/migracao.redenoticia.com.br\/noticia\/wp-json\/wp\/v2\/posts\/50015","targetHints":{"allow":["GET"]}}],"collection":[{"href":"https:\/\/migracao.redenoticia.com.br\/noticia\/wp-json\/wp\/v2\/posts"}],"about":[{"href":"https:\/\/migracao.redenoticia.com.br\/noticia\/wp-json\/wp\/v2\/types\/post"}],"author":[{"embeddable":true,"href":"https:\/\/migracao.redenoticia.com.br\/noticia\/wp-json\/wp\/v2\/users\/2"}],"replies":[{"embeddable":true,"href":"https:\/\/migracao.redenoticia.com.br\/noticia\/wp-json\/wp\/v2\/comments?post=50015"}],"version-history":[{"count":0,"href":"https:\/\/migracao.redenoticia.com.br\/noticia\/wp-json\/wp\/v2\/posts\/50015\/revisions"}],"wp:featuredmedia":[{"embeddable":true,"href":"https:\/\/migracao.redenoticia.com.br\/noticia\/wp-json\/wp\/v2\/media\/36248"}],"wp:attachment":[{"href":"https:\/\/migracao.redenoticia.com.br\/noticia\/wp-json\/wp\/v2\/media?parent=50015"}],"wp:term":[{"taxonomy":"category","embeddable":true,"href":"https:\/\/migracao.redenoticia.com.br\/noticia\/wp-json\/wp\/v2\/categories?post=50015"},{"taxonomy":"post_tag","embeddable":true,"href":"https:\/\/migracao.redenoticia.com.br\/noticia\/wp-json\/wp\/v2\/tags?post=50015"}],"curies":[{"name":"wp","href":"https:\/\/api.w.org\/{rel}","templated":true}]}}