{"id":5002,"date":"2009-07-09T17:17:30","date_gmt":"2009-07-09T21:17:30","guid":{"rendered":"http:\/\/www.redenoticia.com.br\/noticia\/?p=5002"},"modified":"2009-07-09T17:17:30","modified_gmt":"2009-07-09T21:17:30","slug":"ji-parana-inaugura-centro-odontologico-publico","status":"publish","type":"post","link":"https:\/\/migracao.redenoticia.com.br\/noticia\/2009\/ji-parana-inaugura-centro-odontologico-publico\/5002","title":{"rendered":"Ji-Paran\u00e1 inaugura Centro Odontol\u00f3gico p\u00fablico"},"content":{"rendered":"<p align=\"justify\"><span style=\"font-family: Arial; font-size: small;\">Na pr\u00f3xima segunda-feira, a popula\u00e7\u00e3o ji-paranaense passa a contar com mais um importante servi\u00e7o oferecido pela Administra\u00e7\u00e3o Municipal. O Centro de Especialidades Odontol\u00f3gicas (CEO) est\u00e1 pronto e inicia suas atividades com sete gabinetes completos e sete profissionais da \u00e1rea de odontologia para o atendimento.<\/span><\/p>\n<p align=\"justify\"><span style=\"font-family: Arial; font-size: small;\">O agendamento para as primeiras consultas come\u00e7ou hoje, quinta-feira, e continua amanh\u00e3. Na segunda, os atendimentos come\u00e7am a partir das 7h30.<\/span><\/p>\n<p align=\"justify\"><span style=\"font-family: Arial; font-size: small;\">De acordo com a diretora da Divis\u00e3o de Sa\u00fade Bucal, odont\u00f3loga Camila Lacerda Montanari, o atendimento no CEO ser\u00e1\u00a0de segunda a sexta-feira, das 7h30 \u00e0s 11h30 e das 13h30 \u00e0s 17h30, isto, pelo menos no in\u00edcio das atividades, pois a inten\u00e7\u00e3o, segundo ela, \u00e9 que em pouco tempo o atendimento seja integral, das 7h30 \u00e0s 17h30, visando atender \u00e0quelas pessoas que trabalham no com\u00e9rcio e que s\u00f3 disp\u00f5em do hor\u00e1rio de almo\u00e7o para fazer o tratamento dent\u00e1rio.<\/span><\/p>\n<p align=\"justify\"><span style=\"font-family: Arial; font-size: small;\">Inicialmente ser\u00e3o oferecidos os seguintes servi\u00e7os: extra\u00e7\u00e3o, sutura e retirada de pontos; profilaxia (limpeza); partarectomia (raspagem); tratamento de alveolite; medica\u00e7\u00e3o, entre outros.<\/span><\/p>\n<p align=\"justify\"><span style=\"font-family: Arial; font-size: small;\">\u201cApesar do atraso por causa da burocracia para aquisi\u00e7\u00e3o de todo material necess\u00e1rio para equipar o Centro, ainda assim estamos no prazo estabelecido pela Administra\u00e7\u00e3o, que era de colocar o CEO em funcionamento em seis meses a contar da data de inaugura\u00e7\u00e3o do PA L1-Maring\u00e1, que aconteceu em fevereiro. Primamos pela responsabilidade no que fazemos e, por isso, preferimos aguardar os tramites legais para entregar o Centro completo e pronto para atender a popula\u00e7\u00e3o\u201d, explicou, em entrevista, o secret\u00e1rio de Sa\u00fade, Jos\u00e9 Batista da Silva.<\/span><\/p>\n","protected":false},"excerpt":{"rendered":"<p>Na pr\u00f3xima segunda-feira, a popula\u00e7\u00e3o ji-paranaense passa a contar com mais um importante servi\u00e7o oferecido pela Administra\u00e7\u00e3o Municipal. O Centro de Especialidades Odontol\u00f3gicas (CEO) est\u00e1 pronto e inicia suas atividades com sete gabinetes completos e sete profissionais da \u00e1rea de odontologia para o atendimento. O agendamento para as primeiras consultas come\u00e7ou hoje, quinta-feira, e continua [&hellip;]<\/p>\n","protected":false},"author":2,"featured_media":0,"comment_status":"open","ping_status":"open","sticky":false,"template":"","format":"standard","meta":{"tdm_status":"","tdm_grid_status":"","footnotes":""},"categories":[5],"tags":[],"class_list":{"0":"post-5002","1":"post","2":"type-post","3":"status-publish","4":"format-standard","6":"category-saude-e-vida"},"_links":{"self":[{"href":"https:\/\/migracao.redenoticia.com.br\/noticia\/wp-json\/wp\/v2\/posts\/5002","targetHints":{"allow":["GET"]}}],"collection":[{"href":"https:\/\/migracao.redenoticia.com.br\/noticia\/wp-json\/wp\/v2\/posts"}],"about":[{"href":"https:\/\/migracao.redenoticia.com.br\/noticia\/wp-json\/wp\/v2\/types\/post"}],"author":[{"embeddable":true,"href":"https:\/\/migracao.redenoticia.com.br\/noticia\/wp-json\/wp\/v2\/users\/2"}],"replies":[{"embeddable":true,"href":"https:\/\/migracao.redenoticia.com.br\/noticia\/wp-json\/wp\/v2\/comments?post=5002"}],"version-history":[{"count":0,"href":"https:\/\/migracao.redenoticia.com.br\/noticia\/wp-json\/wp\/v2\/posts\/5002\/revisions"}],"wp:attachment":[{"href":"https:\/\/migracao.redenoticia.com.br\/noticia\/wp-json\/wp\/v2\/media?parent=5002"}],"wp:term":[{"taxonomy":"category","embeddable":true,"href":"https:\/\/migracao.redenoticia.com.br\/noticia\/wp-json\/wp\/v2\/categories?post=5002"},{"taxonomy":"post_tag","embeddable":true,"href":"https:\/\/migracao.redenoticia.com.br\/noticia\/wp-json\/wp\/v2\/tags?post=5002"}],"curies":[{"name":"wp","href":"https:\/\/api.w.org\/{rel}","templated":true}]}}