{"id":50033,"date":"2013-11-22T12:11:46","date_gmt":"2013-11-22T14:11:46","guid":{"rendered":"http:\/\/www.redenoticia.com.br\/noticia\/?p=50033"},"modified":"2013-11-22T12:11:46","modified_gmt":"2013-11-22T14:11:46","slug":"novela-por-ela-sou-eva-sinopse-da-nova-atracao-do-sbt","status":"publish","type":"post","link":"https:\/\/migracao.redenoticia.com.br\/noticia\/2013\/novela-por-ela-sou-eva-sinopse-da-nova-atracao-do-sbt\/50033","title":{"rendered":"Novela &#8220;Por ela sou Eva&#8221;: sinopse da nova atra\u00e7\u00e3o do SBT"},"content":{"rendered":"<p><em><strong><a href=\"https:\/\/migracao.redenoticia.com.br\/noticia\/imagens\/por-ela-sou-eva-novela-sbt.jpg\"><img loading=\"lazy\" decoding=\"async\" class=\"alignleft size-medium wp-image-50034\" alt=\"por-ela-sou-eva-novela-sbt\" src=\"https:\/\/migracao.redenoticia.com.br\/noticia\/imagens\/por-ela-sou-eva-novela-sbt-187x187.jpg\" width=\"187\" height=\"187\" srcset=\"https:\/\/migracao.redenoticia.com.br\/noticia\/imagens\/por-ela-sou-eva-novela-sbt-187x187.jpg 187w, https:\/\/migracao.redenoticia.com.br\/noticia\/imagens\/por-ela-sou-eva-novela-sbt.jpg 300w, https:\/\/migracao.redenoticia.com.br\/noticia\/imagens\/por-ela-sou-eva-novela-sbt-150x150.jpg 150w, https:\/\/migracao.redenoticia.com.br\/noticia\/imagens\/por-ela-sou-eva-novela-sbt-110x110.jpg 110w, https:\/\/migracao.redenoticia.com.br\/noticia\/imagens\/por-ela-sou-eva-novela-sbt-50x50.jpg 50w\" sizes=\"auto, (max-width: 187px) 100vw, 187px\" \/><\/a>Novela<\/strong><\/em> &#8220;<em><strong>Por ela sou Eva<\/strong><\/em>&#8221; <em><strong>resumo<\/strong><\/em>: a partir do dia 02 de dezembro,\u00e0s 15h30, estreia no SBT a novela in\u00e9dita &#8220;Por ela sou Eva&#8221; (Por Ella Soy Eva). Esta novela substitui a trama &#8220;Cuidado Com Anjo&#8221;, que tem seu \u00faltimo cap\u00edtulo exibido no dia 03 de dezembro.\u00a0Na <em><strong>sinopse<\/strong><\/em> divulgada pelo SBT,\u00a0Jo\u00e3o Carlos Caballero (Jaime Camil) \u00e9 um homem sedutor que s\u00f3 usa as mulheres para obter vantagens por n\u00e3o acreditar no amor. Empres\u00e1rio do Grupo Imp\u00e9rio, uma empresa de destaque no ramo de turismo, Jo\u00e3o Carlos utiliza de seus dotes de conquistador para fingir ser um empres\u00e1rio estrangeiro e assim roubar um inovador projeto de Helena Moreno (Lucero Hogaza). Por\u00e9m, o empres\u00e1rio acaba se encanta pela mulher e se apaixonado pela primeira vez.<\/p>\n<p>O rapaz decide revelar a verdade para Helena, mas antes \u00e9 desmascarado por ela, e ao mesmo tempo acusado injustamente de uma fraude pelo vice-presidente da empresa, o perverso Plutarco Ramos (Marcelo C\u00f3rdoba), que na verdade \u00e9 o verdadeiro respons\u00e1vel pelo roubo do projeto de Helena e agora lhe acusa de pl\u00e1gio.<\/p>\n<p>Jo\u00e3o Carlos passa a ser perseguido pela pol\u00edcia e decide fugir. Enquanto isso, Helena \u00e9 contratada para trabalhar no grupo Imp\u00e9rio para dirigir seu projeto. E \u00e9 nesse cen\u00e1rio que Jo\u00e3o Carlos encontra a oportunidade para tentar limpar seu nome e recuperar o amor de Helena. O empres\u00e1rio decide caracterizar-se de Eva, o que lhe ajudar\u00e1 a mudar seu modo de ver a vida e sua percep\u00e7\u00e3o em rela\u00e7\u00e3o \u00e0s mulheres.<\/p>\n<p>&#8220;Por ela sou Eva&#8221;\u00a0\u00e9 uma telenovela do g\u00eanero de com\u00e9dia produzida pela Televisa e exibida no M\u00e9xico em 2012. A trama foi baseada na novela colombiana &#8220;En Los Tacones de Eva&#8221;, produ\u00e7\u00e3o da emissora RCN.<\/p>\n<p>A nova novela &#8220;Por ela sou Eva&#8221;\u00a0das tardes do SBT \u00e9 protagonizada pelo ator Jaime Camil, interprete do empres\u00e1rio mulherengo Jo\u00e3o Carlos Caballero, que se caracteriza como Eva. A atriz Lucero Hogaza interpreta Helena, por quem Jo\u00e3o Carlos se apaixona. Por fim, o ator Marcelo C\u00f3rdoba assume o papel do vil\u00e3o Plutarco Ramos.<\/p>\n","protected":false},"excerpt":{"rendered":"<p>Novela &#8220;Por ela sou Eva&#8221; resumo: a partir do dia 02 de dezembro,\u00e0s 15h30, estreia no SBT a novela in\u00e9dita &#8220;Por ela sou Eva&#8221; (Por Ella Soy Eva). Esta novela substitui a trama &#8220;Cuidado Com Anjo&#8221;, que tem seu \u00faltimo cap\u00edtulo exibido no dia 03 de dezembro.\u00a0Na sinopse divulgada pelo SBT,\u00a0Jo\u00e3o Carlos Caballero (Jaime Camil) [&hellip;]<\/p>\n","protected":false},"author":2,"featured_media":50034,"comment_status":"open","ping_status":"closed","sticky":false,"template":"","format":"standard","meta":{"tdm_status":"","tdm_grid_status":"","footnotes":""},"categories":[379,372,343],"tags":[],"class_list":{"0":"post-50033","1":"post","2":"type-post","3":"status-publish","4":"format-standard","5":"has-post-thumbnail","7":"category-novelas","8":"category-sbt","9":"category-televisao"},"_links":{"self":[{"href":"https:\/\/migracao.redenoticia.com.br\/noticia\/wp-json\/wp\/v2\/posts\/50033","targetHints":{"allow":["GET"]}}],"collection":[{"href":"https:\/\/migracao.redenoticia.com.br\/noticia\/wp-json\/wp\/v2\/posts"}],"about":[{"href":"https:\/\/migracao.redenoticia.com.br\/noticia\/wp-json\/wp\/v2\/types\/post"}],"author":[{"embeddable":true,"href":"https:\/\/migracao.redenoticia.com.br\/noticia\/wp-json\/wp\/v2\/users\/2"}],"replies":[{"embeddable":true,"href":"https:\/\/migracao.redenoticia.com.br\/noticia\/wp-json\/wp\/v2\/comments?post=50033"}],"version-history":[{"count":0,"href":"https:\/\/migracao.redenoticia.com.br\/noticia\/wp-json\/wp\/v2\/posts\/50033\/revisions"}],"wp:featuredmedia":[{"embeddable":true,"href":"https:\/\/migracao.redenoticia.com.br\/noticia\/wp-json\/wp\/v2\/media\/50034"}],"wp:attachment":[{"href":"https:\/\/migracao.redenoticia.com.br\/noticia\/wp-json\/wp\/v2\/media?parent=50033"}],"wp:term":[{"taxonomy":"category","embeddable":true,"href":"https:\/\/migracao.redenoticia.com.br\/noticia\/wp-json\/wp\/v2\/categories?post=50033"},{"taxonomy":"post_tag","embeddable":true,"href":"https:\/\/migracao.redenoticia.com.br\/noticia\/wp-json\/wp\/v2\/tags?post=50033"}],"curies":[{"name":"wp","href":"https:\/\/api.w.org\/{rel}","templated":true}]}}