{"id":5004,"date":"2009-07-09T18:04:39","date_gmt":"2009-07-09T22:04:39","guid":{"rendered":"http:\/\/www.redenoticia.com.br\/noticia\/?p=5004"},"modified":"2009-07-09T18:04:39","modified_gmt":"2009-07-09T22:04:39","slug":"sete-maravilhas-no-brasil-as-cataratas-foram-confirmadas-como-finalista","status":"publish","type":"post","link":"https:\/\/migracao.redenoticia.com.br\/noticia\/2009\/sete-maravilhas-no-brasil-as-cataratas-foram-confirmadas-como-finalista\/5004","title":{"rendered":"Sete Maravilhas: no Brasil as Cataratas foram confirmadas como finalista"},"content":{"rendered":"<p>As Cataratas do Igua\u00e7u foram confirmadas nesta quinta-feira (9) entre as 77 candidaturas que mais obtiveram votos na etapa semifinal da elei\u00e7\u00e3o das Novas Sete Maravilhas da Natureza. Com isso, a atra\u00e7\u00e3o visitada por mais de 2 milh\u00f5es de turistas ao ano est\u00e1 habilitada a participar da sele\u00e7\u00e3o dos 28 s\u00edtios finalistas, que ser\u00e1 feita por um grupo de especialistas indicado pela Funda\u00e7\u00e3o New 7 Wonders, organizadora da disputa.<\/p>\n<p>O an\u00fancio das candidaturas finalistas ocorrer\u00e1 no pr\u00f3ximo dia 21, na p\u00e1gina de Internet da Funda\u00e7\u00e3o New 7 Wonders (new7wonders.com). Al\u00e9m das Cataratas do Igua\u00e7u, representando o Brasil, continuam com chances de chegar \u00e0 grande final a Amaz\u00f4nia e o arquip\u00e9lago de Fernando de Noronha. Entre as atra\u00e7\u00f5es argentinas que disputaram a semifinal, somente as Cataratas alcan\u00e7aram o top 77.<\/p>\n<p>A rela\u00e7\u00e3o das candidaturas integrantes do top 77 pode ser conhecida neste link (new7wonders.com\/nature\/en\/nominees\/top77). A vota\u00e7\u00e3o obtida pelos s\u00edtios na semifinal n\u00e3o \u00e9 revelada. Mas, segundo a Funda\u00e7\u00e3o New 7 Wonders, o n\u00famero de votos conquistados na etapa anterior n\u00e3o ser\u00e1 considerado pelos julgadores.<\/p>\n<p>No \u00faltimo dia em que a vota\u00e7\u00e3o foi poss\u00edvel, o site votecataratas.com foi visitado por mais de 15 mil internautas. At\u00e9 o \u00faltimo ranking divulgado, as Cataratas do Igua\u00e7u ocupavam o terceiro lugar na categoria &#8220;lagos, rios e quedas d&#8217;\u00e1gua&#8221;.<\/p>\n<p>As chances das Cataratas do Igua\u00e7u figurarem entre as finalistas, por\u00e9m, aumentaram consideravelmente com a exclus\u00e3o de fortes advers\u00e1rios, como o Rio Ganges e as Cataratas Vit\u00f3ria e do Ni\u00e1gara, que n\u00e3o organizaram um comit\u00ea local de apoio, condi\u00e7\u00e3o exigida pelos organizadores para se tornar uma das Novas Sete Maravilhas da Natureza.<\/p>\n<p>&#8220;A nossa organiza\u00e7\u00e3o foi fundamental para alcan\u00e7armos essa pr\u00e9-classifica\u00e7\u00e3o para a final. Ainda em 2008, criamos o nosso comit\u00ea. E a Funda\u00e7\u00e3o New 7 Wonders entendeu a seriedade da nossa candidatura. Lan\u00e7amos um site de Internet, tivemos o apoio das autoridades e assim estabelecemos uma estrat\u00e9gia de divulga\u00e7\u00e3o que abrangeu 27 pa\u00edses desde o ano passado&#8221;, observa o secret\u00e1rio de Turismo de Foz do Igua\u00e7u, Felipe Gonz\u00e1lez, um dos organizadores do comit\u00ea.<\/p>\n<p>J\u00e1 Gilmar Piolla, superintendente de Comunica\u00e7\u00e3o de Itaipu Binacional e tamb\u00e9m integrante do comit\u00ea, ressalta o papel dos parceiros no sucesso da campanha Vote Cataratas. &#8220;Estamos conseguindo uma m\u00eddia espont\u00e2nea fant\u00e1stica para a campanha, o que contribui n\u00e3o somente para a vota\u00e7\u00e3o, mas tamb\u00e9m coloca a cidade de Foz do Igua\u00e7u em evid\u00eancia e favorece diretamente o turismo local&#8221;, afirma.<\/p>\n","protected":false},"excerpt":{"rendered":"<p>As Cataratas do Igua\u00e7u foram confirmadas nesta quinta-feira (9) entre as 77 candidaturas que mais obtiveram votos na etapa semifinal da elei\u00e7\u00e3o das Novas Sete Maravilhas da Natureza. Com isso, a atra\u00e7\u00e3o visitada por mais de 2 milh\u00f5es de turistas ao ano est\u00e1 habilitada a participar da sele\u00e7\u00e3o dos 28 s\u00edtios finalistas, que ser\u00e1 feita [&hellip;]<\/p>\n","protected":false},"author":3,"featured_media":0,"comment_status":"open","ping_status":"open","sticky":false,"template":"","format":"standard","meta":{"tdm_status":"","tdm_grid_status":"","footnotes":""},"categories":[22],"tags":[],"class_list":{"0":"post-5004","1":"post","2":"type-post","3":"status-publish","4":"format-standard","6":"category-brasil"},"_links":{"self":[{"href":"https:\/\/migracao.redenoticia.com.br\/noticia\/wp-json\/wp\/v2\/posts\/5004","targetHints":{"allow":["GET"]}}],"collection":[{"href":"https:\/\/migracao.redenoticia.com.br\/noticia\/wp-json\/wp\/v2\/posts"}],"about":[{"href":"https:\/\/migracao.redenoticia.com.br\/noticia\/wp-json\/wp\/v2\/types\/post"}],"author":[{"embeddable":true,"href":"https:\/\/migracao.redenoticia.com.br\/noticia\/wp-json\/wp\/v2\/users\/3"}],"replies":[{"embeddable":true,"href":"https:\/\/migracao.redenoticia.com.br\/noticia\/wp-json\/wp\/v2\/comments?post=5004"}],"version-history":[{"count":0,"href":"https:\/\/migracao.redenoticia.com.br\/noticia\/wp-json\/wp\/v2\/posts\/5004\/revisions"}],"wp:attachment":[{"href":"https:\/\/migracao.redenoticia.com.br\/noticia\/wp-json\/wp\/v2\/media?parent=5004"}],"wp:term":[{"taxonomy":"category","embeddable":true,"href":"https:\/\/migracao.redenoticia.com.br\/noticia\/wp-json\/wp\/v2\/categories?post=5004"},{"taxonomy":"post_tag","embeddable":true,"href":"https:\/\/migracao.redenoticia.com.br\/noticia\/wp-json\/wp\/v2\/tags?post=5004"}],"curies":[{"name":"wp","href":"https:\/\/api.w.org\/{rel}","templated":true}]}}