{"id":5007,"date":"2009-07-10T09:57:30","date_gmt":"2009-07-10T13:57:30","guid":{"rendered":"http:\/\/www.redenoticia.com.br\/noticia\/?p=5007"},"modified":"2009-07-27T02:09:59","modified_gmt":"2009-07-27T02:09:59","slug":"clima-tempo-preve-chuva-intensa-entre-parana-e-sao-paulo","status":"publish","type":"post","link":"https:\/\/migracao.redenoticia.com.br\/noticia\/2009\/clima-tempo-preve-chuva-intensa-entre-parana-e-sao-paulo\/5007","title":{"rendered":"Clima tempo prev\u00ea chuva intensa entre Paran\u00e1 e S\u00e3o Paulo"},"content":{"rendered":"<p>\u00c1reas de instabilidade associadas a uma frente fria favorecem a ocorr\u00eancia de elevado volume de chuva entre o Paran\u00e1 e S\u00e3o Paulo ainda nesta sexta-feira (10) e tamb\u00e9m durante o s\u00e1bado (11). O volume total de chuva acumulada deve ficar entre 80 e 100 mil\u00edmetros no leste e no norte do Paran\u00e1, no oeste e no sul de S\u00e3o Paulo. Nas demais localidades paranaenses e paulistas a chuva \u00e9 menos volumosa e o acumulado deve ficar entre 10 e 50 mil\u00edmetros.<\/p>\n<p>O excesso de chuva deve interromper, temporariamente, as atividades de cultivo nos campos de trigo no norte paranaense, mas por outro lado, pode beneficiar o desenvolvimento da planta. A partir de domingo, o avan\u00e7o de uma nova massa de ar seco, de origem polar, favorece a diminui\u00e7\u00e3o da nebulosidade nestes estados e o tempo fica firme, sem chuva.<\/p>\n<p>Sobre o Grupo Climatempo<\/p>\n<p>O Grupo Climatempo \u00e9 a maior empresa privada de meteorologia do pa\u00eds. Uma holding formada pela Climatempo Consultoria, Ag\u00eancia Climatempo, a TV Climatempo e a CLIMANET (Internet, servi\u00e7os de tecnologia e inform\u00e1tica). Atualmente, o Grupo Climatempo fornece conte\u00fado para os principais portais do pa\u00eds, mais de 50 retransmissoras de televis\u00e3o do Brasil, r\u00e1dios e tem cerca de mil clientes. Os dois principais segmentos atendidos s\u00e3o o de agroneg\u00f3cios e meios de comunica\u00e7\u00e3o. Al\u00e9m destes, fornece conte\u00fado meteorol\u00f3gico estrat\u00e9gico para produtoras, a ind\u00fastria eletroeletr\u00f4nica e t\u00eaxtil, com\u00e9rcio, moda e turismo, constru\u00e7\u00e3o civil, setor de energia, entre outros setores.<\/p>\n","protected":false},"excerpt":{"rendered":"<p>\u00c1reas de instabilidade associadas a uma frente fria favorecem a ocorr\u00eancia de elevado volume de chuva entre o Paran\u00e1 e S\u00e3o Paulo ainda nesta sexta-feira (10) e tamb\u00e9m durante o s\u00e1bado (11). O volume total de chuva acumulada deve ficar entre 80 e 100 mil\u00edmetros no leste e no norte do Paran\u00e1, no oeste e [&hellip;]<\/p>\n","protected":false},"author":3,"featured_media":0,"comment_status":"open","ping_status":"open","sticky":false,"template":"","format":"standard","meta":{"tdm_status":"","tdm_grid_status":"","footnotes":""},"categories":[22,327],"tags":[],"class_list":{"0":"post-5007","1":"post","2":"type-post","3":"status-publish","4":"format-standard","6":"category-brasil","7":"category-clima"},"_links":{"self":[{"href":"https:\/\/migracao.redenoticia.com.br\/noticia\/wp-json\/wp\/v2\/posts\/5007","targetHints":{"allow":["GET"]}}],"collection":[{"href":"https:\/\/migracao.redenoticia.com.br\/noticia\/wp-json\/wp\/v2\/posts"}],"about":[{"href":"https:\/\/migracao.redenoticia.com.br\/noticia\/wp-json\/wp\/v2\/types\/post"}],"author":[{"embeddable":true,"href":"https:\/\/migracao.redenoticia.com.br\/noticia\/wp-json\/wp\/v2\/users\/3"}],"replies":[{"embeddable":true,"href":"https:\/\/migracao.redenoticia.com.br\/noticia\/wp-json\/wp\/v2\/comments?post=5007"}],"version-history":[{"count":0,"href":"https:\/\/migracao.redenoticia.com.br\/noticia\/wp-json\/wp\/v2\/posts\/5007\/revisions"}],"wp:attachment":[{"href":"https:\/\/migracao.redenoticia.com.br\/noticia\/wp-json\/wp\/v2\/media?parent=5007"}],"wp:term":[{"taxonomy":"category","embeddable":true,"href":"https:\/\/migracao.redenoticia.com.br\/noticia\/wp-json\/wp\/v2\/categories?post=5007"},{"taxonomy":"post_tag","embeddable":true,"href":"https:\/\/migracao.redenoticia.com.br\/noticia\/wp-json\/wp\/v2\/tags?post=5007"}],"curies":[{"name":"wp","href":"https:\/\/api.w.org\/{rel}","templated":true}]}}