{"id":5010,"date":"2009-07-10T10:03:53","date_gmt":"2009-07-10T14:03:53","guid":{"rendered":"http:\/\/www.redenoticia.com.br\/noticia\/?p=5010"},"modified":"2009-08-05T00:35:04","modified_gmt":"2009-08-05T04:35:04","slug":"record-divulga-destaques-da-programacao","status":"publish","type":"post","link":"https:\/\/migracao.redenoticia.com.br\/noticia\/2009\/record-divulga-destaques-da-programacao\/5010","title":{"rendered":"Record divulga destaques da programa\u00e7\u00e3o"},"content":{"rendered":"<p>Na noite da pr\u00f3xima sexta-feira (10\/07) o jornal\u00edstico tem\u00e1tico da Record faz uma aventura no meio do sert\u00e3o e embarca em uma divertida viagem pelo Piau\u00ed.<br \/>\nO C\u00e2mera Record revela uma outra face do local e apresenta a realidade de um Pa\u00eds rural, onde a modernidade demora a chegar. O programa mostra um lugar que cultiva as tradi\u00e7\u00f5es do passado. Os rep\u00f3rteres da atra\u00e7\u00e3o conversam com brasileiros que n\u00e3o t\u00eam \u00e1gua encanada e precisam tomar banho ao ar livre. A equipe do C\u00e2mera Record encontrou um engenho parado no tempo. Nada de energia el\u00e9trica. Os bois que andam mais de 30 km por dia para fazer caldo de cana. O jornal\u00edstico exibe ainda um povo que faz festa dia e noite, batalhador e cheio de hist\u00f3rias para contar. O drama do artes\u00e3o que abandonou o sert\u00e3o para virar retirante em S\u00e3o Paulo e a dor de uma senhora, que permanece no agreste, mas n\u00e3o tem o que comer.<\/p>\n<p>CSI Las Vegas &#8211; 5\u00aa temporada<\/p>\n<p>BRASS EM HOLLYWOOD<\/p>\n<p>Jim Brass viaja para Los Angeles depois de Ellie pedir-lhe um favor na investiga\u00e7\u00e3o do desaparecimento de um amigo. Com a ajuda de Warrick, que tamb\u00e9m est\u00e1 em LA para uma confer\u00eancia, Brass v\u00ea que a investiga\u00e7\u00e3o foi interrompida. Enquanto ele e Warrick conseguem achar o assassino do amigo de Ellie, eles n\u00e3o conseguem traz\u00ea-lo para um inqu\u00e9rito judicial.<\/p>\n<p>S\u00c1BADO, 11\/07<\/p>\n<p>O Melhor do Brasil: Miro Moreira abre o jogo sobre sua participa\u00e7\u00e3o em A Fazenda<\/p>\n<p>Em O Melhor do Brasil deste s\u00e1bado, dia 11\/07, o modelo Miro Moreira participa do quadro Lavando Roupa Suja. Durante o bate-papo com Rodrigo Faro, Miro rev\u00ea alguns momentos de sua participa\u00e7\u00e3o em A Fazenda e comenta sobre brigas, pol\u00eamicas e intrigas envolvendo os participantes do reality show.<\/p>\n<p>No palco, o rei da lambada Beto Barbosa vai conhecer pessoalmente as doze candidatas dispostas a conquistar seu cora\u00e7\u00e3o. Ap\u00f3s alguns jogos para testar sua afinidade com as participantes, o cantor elimina as duas primeiras pretendentes.<\/p>\n<p>50 por 1 &#8211; Na Turquia, \u00c1lvaro Garnero conhece homem que come escorpi\u00f5es vivos<\/p>\n<p>No programa 50 por 1 deste s\u00e1bado, dia 11, \u00c1lvaro Garnero faz uma viagem de gulet, um barco t\u00edpico turco, pela Riviera Turca ou Costa Turquesa. A jornada come\u00e7a na pequena cidade de Milas onde o apresentador conhece uma figura que se tornou popular e controversa na regi\u00e3o, Hasip Kaya. Kaya sofria com escorpi\u00f5es em seu quintal. Ele resolveu o problema colocando os escorpi\u00f5es em sua dieta, ou seja, ele almo\u00e7a, janta e lancha escorpi\u00f5es. Hoje os escorpi\u00f5es de seu quintal quase n\u00e3o existem e ele j\u00e1 procura em casas vizinhas seu prato preferido. O roteiro continua. De Milas, \u00c1lvaro Garnero vai a \u00d6l\u00fcdeniz, sobe no monte Babadag para fazer um paragliding no lugar que \u00e9 considerado o melhor ponto para a pr\u00e1tica do esporte no mundo. Em Fethye, o apresentador participa do esporte mais cultuado na regi\u00e3o que \u00e9 a luta com \u00f3leo &#8211; uma esp\u00e9cie de luta greco-romana &#8211; em que os advers\u00e1rios precisam se enfrentar banhados em \u00f3leo de oliva. Em Olympus, \u00c1lvaro Garnero se surpreendeu com as chamas eternas do monte Chimaera. E em \u00c7irali, conhece um dos pontos de reprodu\u00e7\u00e3o de tartarugas marinhas.<\/p>\n<p>CINE AVENTURA &#8211; S\u00e1bado &#8211; 11\/07 &#8211; 13h15<\/p>\n<p>EXIBI\u00c7\u00c3O EM HD<\/p>\n<p>AGENTE TEEN 2 &#8211; MISS\u00c3O LONDRES<\/p>\n<p>T\u00edtulo Original: Agent Cody Banks 2: Destination London<\/p>\n<p>G\u00eanero: Aventura<\/p>\n<p>Produ\u00e7\u00e3o: EUA \/ 2004<\/p>\n<p>Dire\u00e7\u00e3o: Kevin Allen<\/p>\n<p>Elenco: Frankie Muniz, Anthony Anderson, Hannah Spearritt, Cynthia Stevenson, Daniel Roebuck, Anna Chancellor, Keith Allen.<\/p>\n<p>Classifica\u00e7\u00e3o: Livre<\/p>\n<p>DOMINGO, 12\/07<\/p>\n<p>Ana Hickmann estreia no comando do Tudo \u00e9 Poss\u00edvel e recebe Ivete Sangalo<\/p>\n<p>O Tudo \u00e9 Poss\u00edvel se prepara para receber a apresentadora Ana Hickmann, que vai comandar a atra\u00e7\u00e3o a partir deste domingo, dia 12 de julho, \u00e0s 13h30.<\/p>\n<p>Para abrir em grande estilo, Ana recebe o furac\u00e3o baiano Ivete Sangalo. A cantora vai sacudir a plateia com as can\u00e7\u00f5es de seu novo trabalho &#8220;Pode Entrar&#8221; e responder curiosidades de famosos sobre sua carreira e a expectativa para a chegada do beb\u00ea.<\/p>\n<p>E tem novidade no ar: a estreia do quadro Crian\u00e7a Resolve. No palco, adultos fazem perguntas para as crian\u00e7as e elas dar\u00e3o repostas com solu\u00e7\u00f5es para diversas situa\u00e7\u00f5es. A primeira edi\u00e7\u00e3o do quadro conta com a divertida participa\u00e7\u00e3o do humorista Tiririca.<\/p>\n<p>No Desafio do DJ, a equipe do Hoje em Dia formada por Chris Flores, Celso Zucatelli, Ticiane Pinheiro e Mariana Le\u00e3o enfrenta os humoristas do Show do Tom, Gluglu, Robson Bailarino, Amin Kader e Tiririca. Os dois times ter\u00e3o que adivinhar os nomes das m\u00fasicas tocadas em rota\u00e7\u00e3o alterada pelo DJ Theo Werneck.<\/p>\n<p>O ator Mario Frias, o Lino de Promessas de Amor, e sua namorada Juliana Camatti testam a sintonia do casal e enfrentam &#8220;As Outras&#8221; e &#8220;Os Ricard\u00f5es&#8221; no Jogo da Afinidade.<\/p>\n<p>Em Debaixo do Chuveiro, as crian\u00e7as mostram seu talento e a plateia decide se o show vale pr\u00eamio em dinheiro ou uma chuveirada.<\/p>\n<p>No quadro A Verdadeira Idade, mais uma participante ter\u00e1 a oportunidade de mudar o visual e promete surpreender seus familiares no palco do programa.<\/p>\n<p>Esporte Fant\u00e1stico estreia quadro sobre esportes radicais<\/p>\n<p>Neste domingo (12\/07) o programa esportivo da Record apresentado por Mylena Ciribelli e Reinaldo Gottino inicia a exibi\u00e7\u00e3o do quadro &#8220;Rota Radikal&#8221;.<\/p>\n<p>Comandado por Karina Oliani, o novo quadro do Esporte Fant\u00e1stico abre espa\u00e7o para a adrenalina e passa a abordar as mais radicais modalidades esportivas.<\/p>\n<p>Na primeira mat\u00e9ria do &#8220;Rota Radikal&#8221;, Karina viajou para o Chile, na Cordilheira dos Andes, para acompanhar o Speed Flying (modalidade que associa o esqui ao uso de p\u00e1ra-quedas especialmente adaptados para a decolagem em montanha) e o snowmobile (moto de neve).<\/p>\n<p>Os telespectadores da Record v\u00e3o acompanhar imagens emocionantes de atletas radicalizando em manobras dific\u00edlimas na encantadora Cordilheira dos Andes.<\/p>\n<p>TELA M\u00c1XIMA &#8211; Domingo &#8211; 12\/07 &#8211; 23h<\/p>\n<p>AS APIMENTADAS &#8211; TUDO OU NADA<\/p>\n<p>T\u00edtulo original: Bring it on: All or nothing<\/p>\n<p>G\u00eanero: Com\u00e9dia<\/p>\n<p>Produ\u00e7\u00e3o: EUA \/ 2006<\/p>\n<p>Dire\u00e7\u00e3o: Steve Rash<\/p>\n<p>Elenco: Hayden Panattiere, Solange Knowles, Gus Carr, entre outros.<\/p>\n<p>CLASSIFICA\u00c7\u00c3O: 12 ANOS<\/p>\n<p>SEGUNDA, 13\/07<\/p>\n<p>CSI NY &#8211; 1\u00aa temporada &#8211; 23h45<\/p>\n<p>EMPREGO DE RISCO<\/p>\n<p>Uma bab\u00e1 \u00e9 encontrada morta em um estacionamento e Danny est\u00e1 com problemas, pois acha que atirou em outro policial.<\/p>\n<p>TER\u00c7A, 14\/07<\/p>\n<p>CSI Miami &#8211; 3\u00aa temporada &#8211; 23h45<\/p>\n<p>TIRO PELA CULATRA<\/p>\n<p>Um tiroteio ocorre no pal\u00e1cio da justi\u00e7a e o caso fica ainda mais complicado de se resolver quando h\u00e1 novos suspeitos identificados.<\/p>\n<p>QUINTA, 16\/07<\/p>\n<p>House &#8211; 4\u00aa temporada &#8211; 00h15<\/p>\n<p>O CORA\u00c7\u00c3O DO WILSON<\/p>\n<p>Dentro da cabe\u00e7a de House est\u00e1 a chave para salvar uma paciente. A amizade de House e Wilson est\u00e1 sendo testada quando as mem\u00f3rias do dia do acidente de \u00f4nibus est\u00e1 prestes a mudar a vida de todos.<\/p>\n<p>SEXTA, 17\/07<\/p>\n<p>CSI Las Vegas &#8211; 5\u00aa temporada &#8211; 00h15<\/p>\n<p>COMPROMETIDO<\/p>\n<p>Sara acompanha Grissom em um hospital psiqui\u00e1trico, onde um dos pacientes foi morto dentro de seu quarto. Falar com os outros pacientes \u00e9 dif\u00edcil, j\u00e1 que todos sofrem de problemas mentais. Os CSIs acabam descobrindo outro crime no hospital, envolvendo um paciente que teve uma inf\u00e2ncia triste, que ainda o assombra, e um segredo escondido por uma enfermeira.<\/p>\n","protected":false},"excerpt":{"rendered":"<p>Na noite da pr\u00f3xima sexta-feira (10\/07) o jornal\u00edstico tem\u00e1tico da Record faz uma aventura no meio do sert\u00e3o e embarca em uma divertida viagem pelo Piau\u00ed. O C\u00e2mera Record revela uma outra face do local e apresenta a realidade de um Pa\u00eds rural, onde a modernidade demora a chegar. O programa mostra um lugar que [&hellip;]<\/p>\n","protected":false},"author":3,"featured_media":0,"comment_status":"open","ping_status":"open","sticky":false,"template":"","format":"standard","meta":{"tdm_status":"","tdm_grid_status":"","footnotes":""},"categories":[22,343],"tags":[],"class_list":{"0":"post-5010","1":"post","2":"type-post","3":"status-publish","4":"format-standard","6":"category-brasil","7":"category-televisao"},"_links":{"self":[{"href":"https:\/\/migracao.redenoticia.com.br\/noticia\/wp-json\/wp\/v2\/posts\/5010","targetHints":{"allow":["GET"]}}],"collection":[{"href":"https:\/\/migracao.redenoticia.com.br\/noticia\/wp-json\/wp\/v2\/posts"}],"about":[{"href":"https:\/\/migracao.redenoticia.com.br\/noticia\/wp-json\/wp\/v2\/types\/post"}],"author":[{"embeddable":true,"href":"https:\/\/migracao.redenoticia.com.br\/noticia\/wp-json\/wp\/v2\/users\/3"}],"replies":[{"embeddable":true,"href":"https:\/\/migracao.redenoticia.com.br\/noticia\/wp-json\/wp\/v2\/comments?post=5010"}],"version-history":[{"count":0,"href":"https:\/\/migracao.redenoticia.com.br\/noticia\/wp-json\/wp\/v2\/posts\/5010\/revisions"}],"wp:attachment":[{"href":"https:\/\/migracao.redenoticia.com.br\/noticia\/wp-json\/wp\/v2\/media?parent=5010"}],"wp:term":[{"taxonomy":"category","embeddable":true,"href":"https:\/\/migracao.redenoticia.com.br\/noticia\/wp-json\/wp\/v2\/categories?post=5010"},{"taxonomy":"post_tag","embeddable":true,"href":"https:\/\/migracao.redenoticia.com.br\/noticia\/wp-json\/wp\/v2\/tags?post=5010"}],"curies":[{"name":"wp","href":"https:\/\/api.w.org\/{rel}","templated":true}]}}