{"id":50169,"date":"2013-11-26T18:54:53","date_gmt":"2013-11-26T20:54:53","guid":{"rendered":"http:\/\/www.redenoticia.com.br\/noticia\/?p=50169"},"modified":"2013-11-26T18:54:53","modified_gmt":"2013-11-26T20:54:53","slug":"novela-chiquititas-centesimo-capitulo-com-show-de-tomas-ferraz","status":"publish","type":"post","link":"https:\/\/migracao.redenoticia.com.br\/noticia\/2013\/novela-chiquititas-centesimo-capitulo-com-show-de-tomas-ferraz\/50169","title":{"rendered":"Novela &#8220;Chiquititas&#8221;: cent\u00e9simo cap\u00edtulo com show de Tom\u00e1s Ferraz"},"content":{"rendered":"<p><em><strong><a href=\"https:\/\/migracao.redenoticia.com.br\/noticia\/imagens\/chiquititas1.jpg\"><img loading=\"lazy\" decoding=\"async\" class=\"alignleft size-medium wp-image-49690\" alt=\"chiquititas\" src=\"https:\/\/migracao.redenoticia.com.br\/noticia\/imagens\/chiquititas1-250x160.jpg\" width=\"250\" height=\"160\" \/><\/a>Novela &#8220;Chiquititas&#8221;<\/strong><\/em>: o SBT exibe o cap\u00edtulo 100 da Novela &#8220;Chiquititas&#8221;\u00a0nesta sexta-feira, 29 de novembro, \u00e0s 20h30. A dire\u00e7\u00e3o da emissora e toda equipe da novela comemoram o sucesso comercial e tamb\u00e9m a audi\u00eancia da trama, que est\u00e1 consolidada na vice-lideran\u00e7a do hor\u00e1rio.\u00a0<span style=\"font-size: 13px; line-height: 19px;\">Para a surpresa dos telespectadores, nesse cent\u00e9simo cap\u00edtulo, o cantor portugu\u00eas Tom\u00e1s Ferraz, que na verdade \u00e9 um disfarce do barista Tobias (Pedro Lemos) que tomou grandes propor\u00e7\u00f5es e tornou-se um fen\u00f4meno, realiza sua primeira apresenta\u00e7\u00e3o, na abertura de um show de uma dupla sertaneja.<\/span><\/p>\n<p>As chiquititas v\u00e3o \u00e0 apresenta\u00e7\u00e3o, assim como outras milhares de f\u00e3s do cantor portugu\u00eas. Cris (Cinthia Cruz) fica encantada por Tom\u00e1s Ferraz e decide criar um blog de f\u00e3-clube oficial. As demais chiquititas exibem cartazes, camisetas e faixas para o cantor durante o show.<\/p>\n<p>A apresenta\u00e7\u00e3o gera diversas not\u00edcias na imprensa e no dia seguinte, Maria Cec\u00edlia (Lisandra Parede) fica sabendo do show. Eduarda (Virginia Nowicki) diz para a filha que o cantor \u00e9 um \u00f3timo partido e que ambos deveriam retomar o namoro. Maria Cec\u00edlia, que sabe que Tom\u00e1s Ferraz na verdade \u00e9 Tobias, pede para a m\u00e3e n\u00e3o se intrometer mais em sua vida amorosa. Eduarda, sem que Maria Cec\u00edlia veja, decide ligar para o cantor para reaproximar os dois.<\/p>\n<p>Esses e outros acontecimentos v\u00e3o ao ar no cap\u00edtulo 100 da novela Chiquititas, adapta\u00e7\u00e3o da autora Iris Abravanel e com dire\u00e7\u00e3o-geral de Reynaldo Boury. A novela vai ao ar de segunda a sexta-feira, \u00e0s 20h30, no SBT.<\/p>\n","protected":false},"excerpt":{"rendered":"<p>Novela &#8220;Chiquititas&#8221;: o SBT exibe o cap\u00edtulo 100 da Novela &#8220;Chiquititas&#8221;\u00a0nesta sexta-feira, 29 de novembro, \u00e0s 20h30. A dire\u00e7\u00e3o da emissora e toda equipe da novela comemoram o sucesso comercial e tamb\u00e9m a audi\u00eancia da trama, que est\u00e1 consolidada na vice-lideran\u00e7a do hor\u00e1rio.\u00a0Para a surpresa dos telespectadores, nesse cent\u00e9simo cap\u00edtulo, o cantor portugu\u00eas Tom\u00e1s Ferraz, [&hellip;]<\/p>\n","protected":false},"author":2,"featured_media":49690,"comment_status":"open","ping_status":"closed","sticky":false,"template":"","format":"standard","meta":{"tdm_status":"","tdm_grid_status":"","footnotes":""},"categories":[409,379,372,343],"tags":[],"class_list":{"0":"post-50169","1":"post","2":"type-post","3":"status-publish","4":"format-standard","5":"has-post-thumbnail","7":"category-chiquititas","8":"category-novelas","9":"category-sbt","10":"category-televisao"},"_links":{"self":[{"href":"https:\/\/migracao.redenoticia.com.br\/noticia\/wp-json\/wp\/v2\/posts\/50169","targetHints":{"allow":["GET"]}}],"collection":[{"href":"https:\/\/migracao.redenoticia.com.br\/noticia\/wp-json\/wp\/v2\/posts"}],"about":[{"href":"https:\/\/migracao.redenoticia.com.br\/noticia\/wp-json\/wp\/v2\/types\/post"}],"author":[{"embeddable":true,"href":"https:\/\/migracao.redenoticia.com.br\/noticia\/wp-json\/wp\/v2\/users\/2"}],"replies":[{"embeddable":true,"href":"https:\/\/migracao.redenoticia.com.br\/noticia\/wp-json\/wp\/v2\/comments?post=50169"}],"version-history":[{"count":0,"href":"https:\/\/migracao.redenoticia.com.br\/noticia\/wp-json\/wp\/v2\/posts\/50169\/revisions"}],"wp:featuredmedia":[{"embeddable":true,"href":"https:\/\/migracao.redenoticia.com.br\/noticia\/wp-json\/wp\/v2\/media\/49690"}],"wp:attachment":[{"href":"https:\/\/migracao.redenoticia.com.br\/noticia\/wp-json\/wp\/v2\/media?parent=50169"}],"wp:term":[{"taxonomy":"category","embeddable":true,"href":"https:\/\/migracao.redenoticia.com.br\/noticia\/wp-json\/wp\/v2\/categories?post=50169"},{"taxonomy":"post_tag","embeddable":true,"href":"https:\/\/migracao.redenoticia.com.br\/noticia\/wp-json\/wp\/v2\/tags?post=50169"}],"curies":[{"name":"wp","href":"https:\/\/api.w.org\/{rel}","templated":true}]}}