{"id":50179,"date":"2013-11-27T10:43:46","date_gmt":"2013-11-27T12:43:46","guid":{"rendered":"http:\/\/www.redenoticia.com.br\/noticia\/?p=50179"},"modified":"2013-11-27T10:43:46","modified_gmt":"2013-11-27T12:43:46","slug":"presidente-figueiredo-cidade-onde-foi-gravada-parte-da-novela-alem-do-horizonte","status":"publish","type":"post","link":"https:\/\/migracao.redenoticia.com.br\/noticia\/2013\/presidente-figueiredo-cidade-onde-foi-gravada-parte-da-novela-alem-do-horizonte\/50179","title":{"rendered":"Presidente Figueiredo, cidade onde foi gravada parte da novela &#8220;Al\u00e9m do Horizonte&#8221;"},"content":{"rendered":"<div><span style=\"font-size: 13px; line-height: 19px;\"><a href=\"https:\/\/migracao.redenoticia.com.br\/noticia\/imagens\/novela-alem-do-horizonte-resumo.jpg\"><img loading=\"lazy\" decoding=\"async\" class=\"alignleft size-medium wp-image-48889\" alt=\"novela-alem-do-horizonte-resumo\" src=\"https:\/\/migracao.redenoticia.com.br\/noticia\/imagens\/novela-alem-do-horizonte-resumo-250x160.jpg\" width=\"250\" height=\"160\" \/><\/a>Quem tem acompanhado a novela \u201c<em><strong>Al\u00e9m do Horizonte<\/strong><\/em>\u201d j\u00e1 deve ter identificado uma pegada meio Lost em algumas partes da trama que envolve muitos mist\u00e9rios, desaparecimentos sem explica\u00e7\u00e3o, al\u00e9m da assustadora criatura que os moradores da comunidade chamam de besta &#8211; e que seria respons\u00e1vel por v\u00e1rias mortes e sumi\u00e7os na regi\u00e3o. Enfim, mas o que tem chamado a aten\u00e7\u00e3o dos telespectadores \u00e9 o cen\u00e1rio em que as cenas da tal comunidade s\u00e3o gravadas. Matas imensas, cercadas por grutas, cachoeiras e rios, servem de pano de fundo para os personagens viverem as mais eletrizantes aventuras e levarem at\u00e9 a casa dos espectadores um pedacinho ainda pouco conhecido do Brasil &#8211; isso porque uma parte da trama de Al\u00e9m do Horizonte foi filmada na cidade de Presidente Figueiredo, que fica a 130 km de Manaus.<\/span><\/div>\n<div><\/div>\n<div>Presidente Figueiredo \u00e9 prestigiada como a Terra das Cachoeiras. Passa de 100, o n\u00famero de cachoeiras catalogadas na cidade. Por isso, a regi\u00e3o favorece a pr\u00e1tica de esportes radicais como: boia cross, rafting, caiaque, rapel, tirolesa, espeleologia, arvorismo e, para completar, ainda possui trilhas na selva. \u00c9 umas das poucas cidades onde \u00e9 poss\u00edvel chegar de carro saindo de Manaus. Deve ser por isso que \u00e9 destino certo dos manauaras no fim de semana. Sem d\u00favida, n\u00e3o tinha loca\u00e7\u00e3o melhor para serem gravadas as cenas da novela &#8220;Al\u00e9m do Horizonte&#8221;. Assim como na trama em que os personagens migram para l\u00e1 em busca de um novo mundo, quem tem a oportunidade de visitar Presidente Figueiredo, fica com essa mesma sensa\u00e7\u00e3o. Estar rodeado pela maior floresta do mundo, suas cachoeiras e suas piscinas naturais de um azul sem igual, traz a sensa\u00e7\u00e3o de estar isolado em outro mundo.<\/div>\n<div><\/div>\n<div>Al\u00e9m disso, a iniciativa da emissora em sair dos cen\u00e1rios tradicionais e mostrar recantos ainda escondidos do Brasil \u00e9 louv\u00e1vel. Isso porque, embora Presidente Figueiredo n\u00e3o figure entre os destinos de viagens mais requisitados, \u00e9 um lugar que foi privilegiado pela natureza, como bem pode ser observado atrav\u00e9s das cenas da novela &#8220;Al\u00e9m do Horizonte&#8221;.<\/div>\n","protected":false},"excerpt":{"rendered":"<p>Quem tem acompanhado a novela \u201cAl\u00e9m do Horizonte\u201d j\u00e1 deve ter identificado uma pegada meio Lost em algumas partes da trama que envolve muitos mist\u00e9rios, desaparecimentos sem explica\u00e7\u00e3o, al\u00e9m da assustadora criatura que os moradores da comunidade chamam de besta &#8211; e que seria respons\u00e1vel por v\u00e1rias mortes e sumi\u00e7os na regi\u00e3o. Enfim, mas o [&hellip;]<\/p>\n","protected":false},"author":2,"featured_media":48889,"comment_status":"open","ping_status":"closed","sticky":false,"template":"","format":"standard","meta":{"tdm_status":"","tdm_grid_status":"","footnotes":""},"categories":[379,375,343],"tags":[],"class_list":{"0":"post-50179","1":"post","2":"type-post","3":"status-publish","4":"format-standard","5":"has-post-thumbnail","7":"category-novelas","8":"category-rede-globo","9":"category-televisao"},"_links":{"self":[{"href":"https:\/\/migracao.redenoticia.com.br\/noticia\/wp-json\/wp\/v2\/posts\/50179","targetHints":{"allow":["GET"]}}],"collection":[{"href":"https:\/\/migracao.redenoticia.com.br\/noticia\/wp-json\/wp\/v2\/posts"}],"about":[{"href":"https:\/\/migracao.redenoticia.com.br\/noticia\/wp-json\/wp\/v2\/types\/post"}],"author":[{"embeddable":true,"href":"https:\/\/migracao.redenoticia.com.br\/noticia\/wp-json\/wp\/v2\/users\/2"}],"replies":[{"embeddable":true,"href":"https:\/\/migracao.redenoticia.com.br\/noticia\/wp-json\/wp\/v2\/comments?post=50179"}],"version-history":[{"count":0,"href":"https:\/\/migracao.redenoticia.com.br\/noticia\/wp-json\/wp\/v2\/posts\/50179\/revisions"}],"wp:featuredmedia":[{"embeddable":true,"href":"https:\/\/migracao.redenoticia.com.br\/noticia\/wp-json\/wp\/v2\/media\/48889"}],"wp:attachment":[{"href":"https:\/\/migracao.redenoticia.com.br\/noticia\/wp-json\/wp\/v2\/media?parent=50179"}],"wp:term":[{"taxonomy":"category","embeddable":true,"href":"https:\/\/migracao.redenoticia.com.br\/noticia\/wp-json\/wp\/v2\/categories?post=50179"},{"taxonomy":"post_tag","embeddable":true,"href":"https:\/\/migracao.redenoticia.com.br\/noticia\/wp-json\/wp\/v2\/tags?post=50179"}],"curies":[{"name":"wp","href":"https:\/\/api.w.org\/{rel}","templated":true}]}}