{"id":5018,"date":"2009-07-10T10:20:55","date_gmt":"2009-07-10T14:20:55","guid":{"rendered":"http:\/\/www.redenoticia.com.br\/noticia\/?p=5018"},"modified":"2009-07-10T15:38:23","modified_gmt":"2009-07-10T19:38:23","slug":"camara-de-ji-parana-inicia-recesso-das-sessoes-mas-trabalho-continua","status":"publish","type":"post","link":"https:\/\/migracao.redenoticia.com.br\/noticia\/2009\/camara-de-ji-parana-inicia-recesso-das-sessoes-mas-trabalho-continua\/5018","title":{"rendered":"Camara de Ji-Paran\u00e1 inicia recesso das sess\u00f5es mas trabalho continua"},"content":{"rendered":"<p>Na sess\u00e3o ordin\u00e1ria do dia 02 de julho, o presidente Nilton Cezar iniciou a ordem do dia e informou sobre o recesso das sess\u00f5es durante este m\u00eas. Ressaltou que os trabalhos internos e dos vereadores continuam normalmente.<\/p>\n<p>Em tribuna, a vereadora M\u00e1rcia Regina ressaltou a import\u00e2ncia das obras nas ruas Dr.Fiel e Mato Grosso, al\u00e9m de solicitar urg\u00eancia na recupera\u00e7\u00e3o da linha 102. O vereador Enivaldo Soares pediu um voto de confian\u00e7a e apoio \u00e0 EMTU.<\/p>\n<p>O vereador Marcos Rog\u00e9rio solicitou melhorias para a Escola Rio S\u00e3o Francisco e a Vereadora Solange pediu mais recursos para a Creche Menino Jesus. O Secret\u00e1rio Municipal de Educa\u00e7\u00e3o Vanderlei Nunes, que estava presente na sess\u00e3o, respondeu sobre estas prioridades e demais projetos em desenvolvimento. O vereador Joziel apoiou as solicita\u00e7\u00f5es de reformas das escolas e agradeceu a reforma da Escola P\u00e9rola.<\/p>\n<p>Foram aprovados diversos projetos, entre eles, a cria\u00e7\u00e3o de cargos para a universidade aberta, a cria\u00e7\u00e3o do cargo de Controlador Geral para a C\u00e2mara, o conv\u00eanio com a associa\u00e7\u00e3o evolu\u00e7\u00e3o para realiza\u00e7\u00e3o do casamento comunit\u00e1rio, as diretrizes or\u00e7ament\u00e1rias de 2010, \u00a0o conv\u00eanio com a APRITA, o desafeto da rua Castelo Branco e a declara\u00e7\u00e3o de utilidade p\u00fablica para a associa\u00e7\u00e3o Estrela da Manh\u00e3.<\/p>\n<p>No final da Sess\u00e3o o presidente Nilton Cezar agradeceu o empenho dos vereadores e informou o retorno das sess\u00f5es para o dia 04 de Agosto. Os vereadores confirmaram a continuidade dos trabalhos durante o recesso.<\/p>\n<p>Veja o v\u00eddeo<\/p>\n<p>[wpyt_profile2]UgbZTQYjpyA[\/wpyt_profile2]<\/p>\n","protected":false},"excerpt":{"rendered":"<p>Na sess\u00e3o ordin\u00e1ria do dia 02 de julho, o presidente Nilton Cezar iniciou a ordem do dia e informou sobre o recesso das sess\u00f5es durante este m\u00eas. Ressaltou que os trabalhos internos e dos vereadores continuam normalmente. Em tribuna, a vereadora M\u00e1rcia Regina ressaltou a import\u00e2ncia das obras nas ruas Dr.Fiel e Mato Grosso, al\u00e9m [&hellip;]<\/p>\n","protected":false},"author":3,"featured_media":0,"comment_status":"open","ping_status":"open","sticky":false,"template":"","format":"standard","meta":{"tdm_status":"","tdm_grid_status":"","footnotes":""},"categories":[22],"tags":[],"class_list":{"0":"post-5018","1":"post","2":"type-post","3":"status-publish","4":"format-standard","6":"category-brasil"},"_links":{"self":[{"href":"https:\/\/migracao.redenoticia.com.br\/noticia\/wp-json\/wp\/v2\/posts\/5018","targetHints":{"allow":["GET"]}}],"collection":[{"href":"https:\/\/migracao.redenoticia.com.br\/noticia\/wp-json\/wp\/v2\/posts"}],"about":[{"href":"https:\/\/migracao.redenoticia.com.br\/noticia\/wp-json\/wp\/v2\/types\/post"}],"author":[{"embeddable":true,"href":"https:\/\/migracao.redenoticia.com.br\/noticia\/wp-json\/wp\/v2\/users\/3"}],"replies":[{"embeddable":true,"href":"https:\/\/migracao.redenoticia.com.br\/noticia\/wp-json\/wp\/v2\/comments?post=5018"}],"version-history":[{"count":0,"href":"https:\/\/migracao.redenoticia.com.br\/noticia\/wp-json\/wp\/v2\/posts\/5018\/revisions"}],"wp:attachment":[{"href":"https:\/\/migracao.redenoticia.com.br\/noticia\/wp-json\/wp\/v2\/media?parent=5018"}],"wp:term":[{"taxonomy":"category","embeddable":true,"href":"https:\/\/migracao.redenoticia.com.br\/noticia\/wp-json\/wp\/v2\/categories?post=5018"},{"taxonomy":"post_tag","embeddable":true,"href":"https:\/\/migracao.redenoticia.com.br\/noticia\/wp-json\/wp\/v2\/tags?post=5018"}],"curies":[{"name":"wp","href":"https:\/\/api.w.org\/{rel}","templated":true}]}}