{"id":50181,"date":"2013-11-27T12:11:28","date_gmt":"2013-11-27T14:11:28","guid":{"rendered":"http:\/\/www.redenoticia.com.br\/noticia\/?p=50181"},"modified":"2013-11-27T12:11:28","modified_gmt":"2013-11-27T14:11:28","slug":"novela-alem-do-horizonte-misterio-e-suspense-toma-conta-da-historia","status":"publish","type":"post","link":"https:\/\/migracao.redenoticia.com.br\/noticia\/2013\/novela-alem-do-horizonte-misterio-e-suspense-toma-conta-da-historia\/50181","title":{"rendered":"Novela &#8220;Al\u00e9m do Horizonte&#8221;: mist\u00e9rio e suspense toma conta da hist\u00f3ria"},"content":{"rendered":"<div><a href=\"https:\/\/migracao.redenoticia.com.br\/noticia\/imagens\/novela-alem-do-horizonte-resumo.jpg\"><img loading=\"lazy\" decoding=\"async\" class=\"alignleft size-medium wp-image-48889\" alt=\"novela-alem-do-horizonte-resumo\" src=\"https:\/\/migracao.redenoticia.com.br\/noticia\/imagens\/novela-alem-do-horizonte-resumo-250x160.jpg\" width=\"250\" height=\"160\" \/><\/a>O ambiente natural da novela &#8220;<em><strong>Al\u00e9m do Horizonte<\/strong><\/em>&#8221; chegou para mudar um pouco o cen\u00e1rio das novelas que o p\u00fablico j\u00e1 estava acostumado. Com muito mais cenas de natureza e outras imagens que os espectadores ainda n\u00e3o estavam acostumados, ainda tem muito drama e novidades para acontecer nessa hist\u00f3ria.<\/div>\n<div><\/div>\n<div>A semana j\u00e1 come\u00e7a com mudan\u00e7as, sendo que Thomaz revela para Helo\u00edsa seu desejo secreto de se separar de sua esposa, In\u00eas. Na hora em que Thomaz e Helo\u00edsa est\u00e3o conversando, \u00e9 f\u00e1cil entender que rola um clima diferente no ar quando Helo\u00edsa diz que acredita que o amigo merece ser feliz, e ele rapidamente retruca que acha que ambos merecem essa felicidade.<\/div>\n<div><\/div>\n<div>Enquanto isso, Celina fica esquentada ao conversar com Kleber, j\u00e1 que o mandachuva afirma que h\u00e1 uma Besta atacando os moradores da cidade, e afirma tamb\u00e9m que foi essa mesma Besta que raptou uma mulher durante a falta de luz que assolou o local h\u00e1 poucos dias. Celina sabe muito bem que ela \u00e9 a pr\u00f3pria mulher que foi raptada e que n\u00e3o tem Besta nenhuma por l\u00e1. Ent\u00e3o, por que Kleber estaria inventando uma hist\u00f3ria dessas? Tapir\u00e9 merece mais aten\u00e7\u00e3o e merece que todos os crimes sejam investigados.<\/div>\n<div><\/div>\n<div>J\u00e1 o l\u00edder Jorge tem uma surpresa ao entrar em seu escrit\u00f3rio, quando v\u00ea a janela aberta e uma pasta em cima da mesa. O respons\u00e1vel por isso \u00e9 William, que estava tentando acessar o computador de Jorge, mas foi surpreendido ao perceber que uma senha de acesso estava sendo solicitada. Assustado com o barulho da fechadura abrindo, William consegue pular pela janela e sair do escrit\u00f3rio rapidamente.<\/div>\n<div><\/div>\n<div>Agora que Helo\u00edsa e Lili fizeram as pazes, uma n\u00e3o vai medir esfor\u00e7os para proteger a outra, especialmente Helo\u00edsa, ao expulsar In\u00eas de casa \u00fanica e exclusivamente em favor de Lili e da prote\u00e7\u00e3o da garota. O mist\u00e9rio toma conta da telinha quando jipes e caminh\u00f5es entram na comunidade e ficam sob responsabilidade de JC, o que deixa os espectadores super curiosos.<\/div>\n<div><\/div>\n<div>Essa semana ser\u00e1 marcante para v\u00e1rios personagens e mais revela\u00e7\u00f5es far\u00e3o com que os f\u00e3s de &#8220;Al\u00e9m do Horizonte&#8221; n\u00e3o consigam desgrudar da novela.<\/div>\n","protected":false},"excerpt":{"rendered":"<p>O ambiente natural da novela &#8220;Al\u00e9m do Horizonte&#8221; chegou para mudar um pouco o cen\u00e1rio das novelas que o p\u00fablico j\u00e1 estava acostumado. Com muito mais cenas de natureza e outras imagens que os espectadores ainda n\u00e3o estavam acostumados, ainda tem muito drama e novidades para acontecer nessa hist\u00f3ria. A semana j\u00e1 come\u00e7a com mudan\u00e7as, [&hellip;]<\/p>\n","protected":false},"author":2,"featured_media":48889,"comment_status":"open","ping_status":"closed","sticky":false,"template":"","format":"standard","meta":{"tdm_status":"","tdm_grid_status":"","footnotes":""},"categories":[379,375,343],"tags":[],"class_list":{"0":"post-50181","1":"post","2":"type-post","3":"status-publish","4":"format-standard","5":"has-post-thumbnail","7":"category-novelas","8":"category-rede-globo","9":"category-televisao"},"_links":{"self":[{"href":"https:\/\/migracao.redenoticia.com.br\/noticia\/wp-json\/wp\/v2\/posts\/50181","targetHints":{"allow":["GET"]}}],"collection":[{"href":"https:\/\/migracao.redenoticia.com.br\/noticia\/wp-json\/wp\/v2\/posts"}],"about":[{"href":"https:\/\/migracao.redenoticia.com.br\/noticia\/wp-json\/wp\/v2\/types\/post"}],"author":[{"embeddable":true,"href":"https:\/\/migracao.redenoticia.com.br\/noticia\/wp-json\/wp\/v2\/users\/2"}],"replies":[{"embeddable":true,"href":"https:\/\/migracao.redenoticia.com.br\/noticia\/wp-json\/wp\/v2\/comments?post=50181"}],"version-history":[{"count":0,"href":"https:\/\/migracao.redenoticia.com.br\/noticia\/wp-json\/wp\/v2\/posts\/50181\/revisions"}],"wp:featuredmedia":[{"embeddable":true,"href":"https:\/\/migracao.redenoticia.com.br\/noticia\/wp-json\/wp\/v2\/media\/48889"}],"wp:attachment":[{"href":"https:\/\/migracao.redenoticia.com.br\/noticia\/wp-json\/wp\/v2\/media?parent=50181"}],"wp:term":[{"taxonomy":"category","embeddable":true,"href":"https:\/\/migracao.redenoticia.com.br\/noticia\/wp-json\/wp\/v2\/categories?post=50181"},{"taxonomy":"post_tag","embeddable":true,"href":"https:\/\/migracao.redenoticia.com.br\/noticia\/wp-json\/wp\/v2\/tags?post=50181"}],"curies":[{"name":"wp","href":"https:\/\/api.w.org\/{rel}","templated":true}]}}