{"id":5021,"date":"2009-07-10T10:22:03","date_gmt":"2009-07-10T14:22:03","guid":{"rendered":"http:\/\/www.redenoticia.com.br\/noticia\/?p=5021"},"modified":"2009-07-10T10:22:03","modified_gmt":"2009-07-10T14:22:03","slug":"previsao-do-tempo-e-de-chuva-forte-no-nordeste","status":"publish","type":"post","link":"https:\/\/migracao.redenoticia.com.br\/noticia\/2009\/previsao-do-tempo-e-de-chuva-forte-no-nordeste\/5021","title":{"rendered":"Previs\u00e3o do tempo \u00e9 de chuva forte no Nordeste"},"content":{"rendered":"<p>Os meteorologistas da Somar alertam para a previs\u00e3o de chuvas fortes e generalizadas no leste e norte do Nordeste, desde o sul da Bahia at\u00e9 o Cear\u00e1, com risco de transtornos como alagamentos e deslizamentos de encosta nesta sexta-feira. Al\u00e9m disso, chuvas mais fracas e isoladas atingem o sul do Cear\u00e1, centro da Bahia e o nordeste do Maranh\u00e3o. Por conta da nebulosidade a temperatura ainda permanecer\u00e1 mais baixa no centro e leste do Nordeste e entrar\u00e1 em decl\u00ednio entre o Rio Grande do Norte e Sergipe. Nas demais \u00e1reas, o calor continua predominando.<br \/>\nAmanh\u00e3 as chuvas atingem o leste e norte do Nordeste mais uma vez. Apesar da previs\u00e3o de chuvas generalizadas, o acumulado ser\u00e1 mais baixo, desde a Grande Salvador at\u00e9 Alagoas e entre o litoral do Cear\u00e1 e do Maranh\u00e3o. A temperatura entra em eleva\u00e7\u00e3o em boa parte do Nordeste, mas a sensa\u00e7\u00e3o ainda ser\u00e1 mais agrad\u00e1vel no centro e sul da Bahia e entre o norte de Sergipe e o leste da Para\u00edba.<\/p>\n<p>No domingo, a chegada de uma nova frente fria causa chuvas generalizadas, mas com baixo acumulado, no sul da Bahia. \u00c1reas de instabilidade tamb\u00e9m causam chuvas fracas e isoladas no centro e norte do Maranh\u00e3o, leste do Piau\u00ed, sudeste do Cear\u00e1 e costa entre Alagoas e Pernambuco. Nas demais \u00e1reas, o tempo permanece seco, com sol entre nuvens. A temperatura sobe cada vez mais e faz calor em todo o Nordeste.<\/p>\n<p>Somar Meteorologia<\/p>\n","protected":false},"excerpt":{"rendered":"<p>Os meteorologistas da Somar alertam para a previs\u00e3o de chuvas fortes e generalizadas no leste e norte do Nordeste, desde o sul da Bahia at\u00e9 o Cear\u00e1, com risco de transtornos como alagamentos e deslizamentos de encosta nesta sexta-feira. Al\u00e9m disso, chuvas mais fracas e isoladas atingem o sul do Cear\u00e1, centro da Bahia e [&hellip;]<\/p>\n","protected":false},"author":3,"featured_media":0,"comment_status":"open","ping_status":"open","sticky":false,"template":"","format":"standard","meta":{"tdm_status":"","tdm_grid_status":"","footnotes":""},"categories":[22],"tags":[],"class_list":{"0":"post-5021","1":"post","2":"type-post","3":"status-publish","4":"format-standard","6":"category-brasil"},"_links":{"self":[{"href":"https:\/\/migracao.redenoticia.com.br\/noticia\/wp-json\/wp\/v2\/posts\/5021","targetHints":{"allow":["GET"]}}],"collection":[{"href":"https:\/\/migracao.redenoticia.com.br\/noticia\/wp-json\/wp\/v2\/posts"}],"about":[{"href":"https:\/\/migracao.redenoticia.com.br\/noticia\/wp-json\/wp\/v2\/types\/post"}],"author":[{"embeddable":true,"href":"https:\/\/migracao.redenoticia.com.br\/noticia\/wp-json\/wp\/v2\/users\/3"}],"replies":[{"embeddable":true,"href":"https:\/\/migracao.redenoticia.com.br\/noticia\/wp-json\/wp\/v2\/comments?post=5021"}],"version-history":[{"count":0,"href":"https:\/\/migracao.redenoticia.com.br\/noticia\/wp-json\/wp\/v2\/posts\/5021\/revisions"}],"wp:attachment":[{"href":"https:\/\/migracao.redenoticia.com.br\/noticia\/wp-json\/wp\/v2\/media?parent=5021"}],"wp:term":[{"taxonomy":"category","embeddable":true,"href":"https:\/\/migracao.redenoticia.com.br\/noticia\/wp-json\/wp\/v2\/categories?post=5021"},{"taxonomy":"post_tag","embeddable":true,"href":"https:\/\/migracao.redenoticia.com.br\/noticia\/wp-json\/wp\/v2\/tags?post=5021"}],"curies":[{"name":"wp","href":"https:\/\/api.w.org\/{rel}","templated":true}]}}