{"id":5024,"date":"2009-07-10T10:25:21","date_gmt":"2009-07-10T14:25:21","guid":{"rendered":"http:\/\/www.redenoticia.com.br\/noticia\/?p=5024"},"modified":"2009-07-10T10:25:21","modified_gmt":"2009-07-10T14:25:21","slug":"previsao-do-tempo-para-o-sul-e-de-frio-intenso-nos-proximos-dias","status":"publish","type":"post","link":"https:\/\/migracao.redenoticia.com.br\/noticia\/2009\/previsao-do-tempo-para-o-sul-e-de-frio-intenso-nos-proximos-dias\/5024","title":{"rendered":"Previs\u00e3o do tempo para o Sul \u00e9 de frio intenso nos pr\u00f3ximos dias"},"content":{"rendered":"<p>As temperaturas j\u00e1 entraram em decl\u00ednio no Sul do Pa\u00eds, mas os valores ainda n\u00e3o ficaram t\u00e3o baixos nesta sexta-feira (10)\u00a0 por conta da nebulosidade. A m\u00ednima chegou de 6,4\u00b0C em Chu\u00ed, no extremo sul do Rio Grande do Sul e a 7,9\u00b0C em Urubici, na serra catarinense. No decorrer do dia a sensa\u00e7\u00e3o ser\u00e1 de frio, com m\u00e1xima inferior a 20\u00b0C na maior parte dos tr\u00eas Estados. Al\u00e9m do frio, a frente fria n\u00e3o consegue se afastar da Regi\u00e3o Sul e provoca intensos temporais em boa parte do Paran\u00e1 e no norte de Santa Catarina.<\/p>\n<p>Amanh\u00e3, a entrada de uma massa de ar polar volta a provocar frio intenso na madrugada, com m\u00ednima entre 0\u00b0C e 2\u00b0C e forma\u00e7\u00e3o de geadas no sul do Rio Grande do Sul. A m\u00e1xima tamb\u00e9m fica muito baixa no sudoeste do Rio Grande do Sul, Serra Geral e Planalto de Santa Catarina e os term\u00f4metros n\u00e3o passam de 10\u00b0C. Nas demais \u00e1reas da Regi\u00e3o, a temperatura n\u00e3o chega a 20\u00b0C. Neste s\u00e1bado, a frente fria come\u00e7a a se afastar da Regi\u00e3o Sul, mesmo assim, o sistema ainda causa chuvas generalizadas no norte de Santa Catarina e no leste, centro e norte do Paran\u00e1. No Rio Grande do Sul, em boa parte de Santa Catarina e no sudoeste do Paran\u00e1 retorna uma condi\u00e7\u00e3o de tempo seco e com poucas nuvens.<\/p>\n<p>No domingo n\u00e3o h\u00e1 previs\u00e3o de chuvas na Regi\u00e3o Sul e a massa de ar polar avan\u00e7a pelos Estados, provocando m\u00ednimas negativas com forma\u00e7\u00e3o de geadas amplas na Serra Geral, Planalto de Santa Catarina e sudeste do Paran\u00e1. Na maior parte do interior do Rio Grande do Sul e de Santa Catarina e no leste, centro e sul do Paran\u00e1, a m\u00ednima oscilar\u00e1 entre 0\u00b0C e 2\u00b0C, tamb\u00e9m com forma\u00e7\u00e3o de geadas. Nas demais \u00e1reas, n\u00e3o h\u00e1 previs\u00e3o de geadas, apesar do frio intenso. Portanto, n\u00e3o h\u00e1 previs\u00e3o de geadas para o milho safrinha, cana-de-a\u00e7\u00facar, caf\u00e9 e laranja do Estado do Paran\u00e1.<\/p>\n<p>Na segunda-feira as m\u00ednimas ficam entre 0\u00b0C e 2\u00b0C, com forma\u00e7\u00e3o de geadas isoladas na Serra de Santa Catarina e no oeste e sudoeste do Rio Grande do Sul. No fim do dia, uma nova frente fria causa chuvas com baixo acumulado no litoral e no oeste de Santa Catarina e no centro e oeste do Paran\u00e1. Na ter\u00e7a-feira (14) as precipita\u00e7\u00f5es atingem o leste da Regi\u00e3o, desde o nordeste do Rio Grande do Sul at\u00e9 o leste do Paran\u00e1. Por conta das baixas temperaturas, h\u00e1 risco de queda de neve nas primeiras horas da manh\u00e3 nos pontos mais elevados do Rio Grande do Sul (Vacaria e Bom Jesus). J\u00e1 com rela\u00e7\u00e3o \u00e0s geadas atingem apenas o sul e oeste do Rio Grande do Sul, com previs\u00e3o de m\u00ednima entre 0\u00b0C e 2\u00b0C.<\/p>\n<p>Somar Meteorologia<\/p>\n","protected":false},"excerpt":{"rendered":"<p>As temperaturas j\u00e1 entraram em decl\u00ednio no Sul do Pa\u00eds, mas os valores ainda n\u00e3o ficaram t\u00e3o baixos nesta sexta-feira (10)\u00a0 por conta da nebulosidade. A m\u00ednima chegou de 6,4\u00b0C em Chu\u00ed, no extremo sul do Rio Grande do Sul e a 7,9\u00b0C em Urubici, na serra catarinense. No decorrer do dia a sensa\u00e7\u00e3o ser\u00e1 [&hellip;]<\/p>\n","protected":false},"author":3,"featured_media":0,"comment_status":"open","ping_status":"open","sticky":false,"template":"","format":"standard","meta":{"tdm_status":"","tdm_grid_status":"","footnotes":""},"categories":[22],"tags":[],"class_list":{"0":"post-5024","1":"post","2":"type-post","3":"status-publish","4":"format-standard","6":"category-brasil"},"_links":{"self":[{"href":"https:\/\/migracao.redenoticia.com.br\/noticia\/wp-json\/wp\/v2\/posts\/5024","targetHints":{"allow":["GET"]}}],"collection":[{"href":"https:\/\/migracao.redenoticia.com.br\/noticia\/wp-json\/wp\/v2\/posts"}],"about":[{"href":"https:\/\/migracao.redenoticia.com.br\/noticia\/wp-json\/wp\/v2\/types\/post"}],"author":[{"embeddable":true,"href":"https:\/\/migracao.redenoticia.com.br\/noticia\/wp-json\/wp\/v2\/users\/3"}],"replies":[{"embeddable":true,"href":"https:\/\/migracao.redenoticia.com.br\/noticia\/wp-json\/wp\/v2\/comments?post=5024"}],"version-history":[{"count":0,"href":"https:\/\/migracao.redenoticia.com.br\/noticia\/wp-json\/wp\/v2\/posts\/5024\/revisions"}],"wp:attachment":[{"href":"https:\/\/migracao.redenoticia.com.br\/noticia\/wp-json\/wp\/v2\/media?parent=5024"}],"wp:term":[{"taxonomy":"category","embeddable":true,"href":"https:\/\/migracao.redenoticia.com.br\/noticia\/wp-json\/wp\/v2\/categories?post=5024"},{"taxonomy":"post_tag","embeddable":true,"href":"https:\/\/migracao.redenoticia.com.br\/noticia\/wp-json\/wp\/v2\/tags?post=5024"}],"curies":[{"name":"wp","href":"https:\/\/api.w.org\/{rel}","templated":true}]}}