{"id":5027,"date":"2009-07-10T10:27:37","date_gmt":"2009-07-10T14:27:37","guid":{"rendered":"http:\/\/www.redenoticia.com.br\/noticia\/?p=5027"},"modified":"2009-07-10T15:38:54","modified_gmt":"2009-07-10T19:38:54","slug":"o-projovem-adolescente-abre-mais-162-mil-vagas","status":"publish","type":"post","link":"https:\/\/migracao.redenoticia.com.br\/noticia\/2009\/o-projovem-adolescente-abre-mais-162-mil-vagas\/5027","title":{"rendered":"O Projovem Adolescente abre mais 162 mil vagas"},"content":{"rendered":"<p>O Projovem Adolescente, programa do Minist\u00e9rio do Desenvolvimento Social e Combate \u00e0 Fome (MDS) abriu, ontem, mais 162.825 vagas para o Projovem Adolescente em 1.295 munic\u00edpios, que receber\u00e3o cerca de R$ 89 milh\u00f5es ainda neste ano. Com essa expans\u00e3o, o Minist\u00e9rio passa a atender cerca de 600 mil jovens em todo o Pa\u00eds, com um or\u00e7amento de R$ 312 milh\u00f5es para 2009.<br \/>\nO ProJovem Adolescente atende pessoas de 15 a 17 anos, de fam\u00edlias pobres ou em situa\u00e7\u00e3o de risco social &#8211; com prioridade para fam\u00edlias benefici\u00e1rias do Bolsa Fam\u00edlia. O servi\u00e7o oferece atividades que desenvolvam as potencialidades de seus participantes e estimulem o conv\u00edvio familiar e a participa\u00e7\u00e3o cidad\u00e3, al\u00e9m de uma forma\u00e7\u00e3o t\u00e9cnica geral para o mundo do trabalho.<\/p>\n<p>Requisitos &#8211; Os Munic\u00edpios habilitados respondem a requisitos como possuir pelo menos um Centro de Refer\u00eancia de Assist\u00eancia Social (Cras) em funcionamento e reunir, no m\u00ednimo, 40 jovens (entre 15 e 17 anos) cujas fam\u00edlias recebam o Bolsa Fam\u00edlia. As cidades selecionadas precisam acessar o Termo de Ades\u00e3o &#8211; dispon\u00edvel no endere\u00e7o www.mds.gov.br\/suas, at\u00e9 31 de agosto.<\/p>\n<p>O ProJovem Adolescente \u00e9 uma reformula\u00e7\u00e3o do Projeto Agente Jovem do MDS. Tem a dura\u00e7\u00e3o de 24 meses e \u00e9 executado com a assessoria dos Cras, parte deles cofinanciada pelo MDS. O servi\u00e7o integra o Programa Nacional de Inclus\u00e3o de Jovens, lan\u00e7ado pelo presidente da Rep\u00fablica em setembro de 2007.<\/p>\n<p>SisJovem &#8211; Em setembro deste ano, o MDS disponibilizar\u00e1, aos estados, munic\u00edpios, Distrito Federal e \u00f3rg\u00e3os de controle social informa\u00e7\u00f5es on line sobre a implementa\u00e7\u00e3o e a execu\u00e7\u00e3o do servi\u00e7o socioeducativo em todo o Pa\u00eds, incluindo a avalia\u00e7\u00e3o cont\u00ednua das a\u00e7\u00f5es. O chamado Sistema de Acompanhamento e Gest\u00e3o do ProJovem Adolescente (SisJovem) ser\u00e1 alimentado diretamente pelas Secretarias de Assist\u00eancia Social e pelos Centros de Refer\u00eancia de Assist\u00eancia Social com informa\u00e7\u00f5es detalhadas sobre as atividades realizadas.<\/p>\n<p>O Minist\u00e9rio realizou, de mar\u00e7o a junho deste ano, uma s\u00e9rie de capacita\u00e7\u00f5es organizadas em parceria com os governos estaduais e o Colegiado Nacional de Gestores Municipais de Assist\u00eancia Social (Congemas). Mais de 4.500 profissionais participaram da iniciativa, que abrangeu 3.500 Munic\u00edpios.<\/p>\n","protected":false},"excerpt":{"rendered":"<p>O Projovem Adolescente, programa do Minist\u00e9rio do Desenvolvimento Social e Combate \u00e0 Fome (MDS) abriu, ontem, mais 162.825 vagas para o Projovem Adolescente em 1.295 munic\u00edpios, que receber\u00e3o cerca de R$ 89 milh\u00f5es ainda neste ano. Com essa expans\u00e3o, o Minist\u00e9rio passa a atender cerca de 600 mil jovens em todo o Pa\u00eds, com um [&hellip;]<\/p>\n","protected":false},"author":3,"featured_media":0,"comment_status":"open","ping_status":"open","sticky":false,"template":"","format":"standard","meta":{"tdm_status":"","tdm_grid_status":"","footnotes":""},"categories":[22,7],"tags":[],"class_list":{"0":"post-5027","1":"post","2":"type-post","3":"status-publish","4":"format-standard","6":"category-brasil","7":"category-economia"},"_links":{"self":[{"href":"https:\/\/migracao.redenoticia.com.br\/noticia\/wp-json\/wp\/v2\/posts\/5027","targetHints":{"allow":["GET"]}}],"collection":[{"href":"https:\/\/migracao.redenoticia.com.br\/noticia\/wp-json\/wp\/v2\/posts"}],"about":[{"href":"https:\/\/migracao.redenoticia.com.br\/noticia\/wp-json\/wp\/v2\/types\/post"}],"author":[{"embeddable":true,"href":"https:\/\/migracao.redenoticia.com.br\/noticia\/wp-json\/wp\/v2\/users\/3"}],"replies":[{"embeddable":true,"href":"https:\/\/migracao.redenoticia.com.br\/noticia\/wp-json\/wp\/v2\/comments?post=5027"}],"version-history":[{"count":0,"href":"https:\/\/migracao.redenoticia.com.br\/noticia\/wp-json\/wp\/v2\/posts\/5027\/revisions"}],"wp:attachment":[{"href":"https:\/\/migracao.redenoticia.com.br\/noticia\/wp-json\/wp\/v2\/media?parent=5027"}],"wp:term":[{"taxonomy":"category","embeddable":true,"href":"https:\/\/migracao.redenoticia.com.br\/noticia\/wp-json\/wp\/v2\/categories?post=5027"},{"taxonomy":"post_tag","embeddable":true,"href":"https:\/\/migracao.redenoticia.com.br\/noticia\/wp-json\/wp\/v2\/tags?post=5027"}],"curies":[{"name":"wp","href":"https:\/\/api.w.org\/{rel}","templated":true}]}}