{"id":50298,"date":"2013-12-29T19:22:56","date_gmt":"2013-12-29T21:22:56","guid":{"rendered":"http:\/\/www.redenoticia.com.br\/noticia\/?p=50298"},"modified":"2013-12-29T22:27:42","modified_gmt":"2013-12-30T00:27:42","slug":"tele-sena-natal-2013-primeiro-sorteio-em-0112","status":"publish","type":"post","link":"https:\/\/migracao.redenoticia.com.br\/noticia\/2013\/tele-sena-natal-2013-primeiro-sorteio-em-0112\/50298","title":{"rendered":"Tele Sena Natal (2013) \u2013 quinto e \u00faltimo sorteio em 29\/12"},"content":{"rendered":"<p><a href=\"https:\/\/migracao.redenoticia.com.br\/noticia\/imagens\/tele-sena1.jpg\"><img loading=\"lazy\" decoding=\"async\" class=\"alignleft size-medium wp-image-49116\" alt=\"tele-sena\" src=\"https:\/\/migracao.redenoticia.com.br\/noticia\/imagens\/tele-sena1-250x160.jpg\" width=\"250\" height=\"160\" \/><\/a><em><strong>Tele Sena\u00a0Natal<\/strong><\/em>\u00a0(2013) \u2013 neste domingo, 29\/12, o\u00a0SBT divulgou o\u00a0resultado\u00a0do quinto e \u00faltimo sorteio da Tele Sena Natal 2013.\u00a0A apresentadora Patr\u00edcia Abravanel estrela a Campanha especial e in\u00e9dita de Natal, \u00e9 a Tele Sena Milion\u00e1ria de Natal. A Campanha tem toda atmosfera natalina ilustrando em diversas situa\u00e7\u00f5es como o seu natal pode ser transformador com a edi\u00e7\u00e3o especial da Tele Sena Milion\u00e1ria de Natal, que est\u00e1 com pr\u00eamios in\u00e9ditos. Com a Tele Sena de Natal\u00a0pode-se ganhar at\u00e9 R$ 1.000.000,00 fazendo 20 Pontos e R$ 500.000,00 com Menos Pontos. Ainda tem a Tele Sena Completa, que vale at\u00e9 R$ 600.000,00.<\/p>\n<p>Confira o resultado do primeiro sorteio da Tele Sena Natal 2013\u00a0em 01\/12:<\/p>\n<p>09 &#8211; 13 &#8211; 17 &#8211; 21 &#8211; 26 &#8211;<\/p>\n<p>Confira o resultado do segundo sorteio da Tele Sena Natal 2013\u00a0em 08\/12:<\/p>\n<p>01 &#8211; 20 &#8211; 23 &#8211; 32 &#8211; 33 &#8211;<\/p>\n<p>Confira o resultado do terceiro sorteio da Tele Sena Natal 2013\u00a0em 15\/12:<\/p>\n<p>02 &#8211; 08 &#8211; 30 \u00a0&#8211; 31 \u00a0&#8211; 38 \u00a0&#8211;<\/p>\n<p>Confira o resultado do quarto sorteio da Tele Sena Natal 2013\u00a0em 22\/12:<\/p>\n<p>04 &#8211; 10 &#8211; 14 &#8211; 28 &#8211; 36 &#8211;<\/p>\n<p>Confira o resultado do quinto e \u00faltimo sorteio da Tele Sena Natal 2013\u00a0em 29\/12:<\/p>\n<p>12 &#8211; 16 \u2013 24 &#8211; 29 -39 &#8211;<\/p>\n<p>Mais pontos \u2013 6 pessoas fizeram 20 pontos; 260 pessoas fizeram 19 pontos; 4.343 pessoas fizeram 18 pontos.<\/p>\n<p>Menos pontos \u2013 20 pessoas fizeram 06 pontos.<\/p>\n<p>&#8212;<\/p>\n<p>Tele Sena completa<\/p>\n<p>50 \u00a051 \u00a054 \u00a058 \u00a059<br \/>\n62 \u00a063 65 \u00a066 67<br \/>\n71 \u00a0 72 73 \u00a074 \u00a075 \u00a076 \u00a078 \u00a079<br \/>\n80 \u00a082 \u00a083 \u00a085 \u00a086<\/p>\n<p>1 Ganhador de S\u00e3o Paulo.<br \/>\n\u2014-<\/p>\n<p>A Tele Sena \u00e9 um t\u00edtulo de capitaliza\u00e7\u00e3o de pagamento \u00fanico, lan\u00e7ado em novembro de 1991 pela Lideran\u00e7a Capitaliza\u00e7\u00e3o S\/A.\u00a0O consumidor adquire este produto e, ap\u00f3s um ano, pode resgatar 50% do valor pago mais juros e corre\u00e7\u00e3o monet\u00e1ria.<\/p>\n<p>Atualmente, durante a vig\u00eancia do t\u00edtulo, o consumidor concorre a v\u00e1rias formas de premia\u00e7\u00e3o:<\/p>\n<p>Pr\u00eamio Ganhe J\u00e1<br \/>\n\u00c9 conhecido como pr\u00eamio instant\u00e2neo. O consumidor deve raspar as pel\u00edculas protetoras e, se encontrar o quadro preenchido corretamente, ganha o respectivo pr\u00eamio.<\/p>\n<p>20, 19 ou 18 Pontos<br \/>\nConcorre com um quadro de dezenas, onde pode marcar os n\u00fameros sorteados nos cinco sorteios que ocorrem para estas premia\u00e7\u00f5es.\u00a0Os sorteios s\u00e3o realizados nas datas previamente estabelecidas no t\u00edtulo e s\u00e3o veiculados pelo SBT. Ganha fazendo 20, 19 ou 18 pontos.<\/p>\n<p>Menos Pontos<br \/>\nConcorre a uma bolada se fizer Menos Pontos. Se houver mais de um ganhador, os pr\u00eamios ser\u00e3o divididos em partes iguais.<\/p>\n<p>Tele Sena Completa<br \/>\nEm um sorteio \u00fanico, s\u00e3o sorteadas tantas dezenas quantas forem necess\u00e1rias at\u00e9 que algu\u00e9m complete o quadro referente \u00e0 esta modalidade de premia\u00e7\u00e3o. Se houver mais de um ganhador, os pr\u00eamios ser\u00e3o divididos em partes iguais.<\/p>\n<p>Pr\u00eamio Casa<br \/>\nSorteio anual, realizado em data discriminada no t\u00edtulo, pr\u00f3xima \u00e0 data do resgate do mesmo.<\/p>\n","protected":false},"excerpt":{"rendered":"<p>Tele Sena\u00a0Natal\u00a0(2013) \u2013 neste domingo, 29\/12, o\u00a0SBT divulgou o\u00a0resultado\u00a0do quinto e \u00faltimo sorteio da Tele Sena Natal 2013.\u00a0A apresentadora Patr\u00edcia Abravanel estrela a Campanha especial e in\u00e9dita de Natal, \u00e9 a Tele Sena Milion\u00e1ria de Natal. A Campanha tem toda atmosfera natalina ilustrando em diversas situa\u00e7\u00f5es como o seu natal pode ser transformador com a [&hellip;]<\/p>\n","protected":false},"author":2,"featured_media":49116,"comment_status":"open","ping_status":"closed","sticky":false,"template":"","format":"standard","meta":{"tdm_status":"","tdm_grid_status":"","footnotes":""},"categories":[335,356],"tags":[],"class_list":{"0":"post-50298","1":"post","2":"type-post","3":"status-publish","4":"format-standard","5":"has-post-thumbnail","7":"category-loteria","8":"category-tele-sena"},"_links":{"self":[{"href":"https:\/\/migracao.redenoticia.com.br\/noticia\/wp-json\/wp\/v2\/posts\/50298","targetHints":{"allow":["GET"]}}],"collection":[{"href":"https:\/\/migracao.redenoticia.com.br\/noticia\/wp-json\/wp\/v2\/posts"}],"about":[{"href":"https:\/\/migracao.redenoticia.com.br\/noticia\/wp-json\/wp\/v2\/types\/post"}],"author":[{"embeddable":true,"href":"https:\/\/migracao.redenoticia.com.br\/noticia\/wp-json\/wp\/v2\/users\/2"}],"replies":[{"embeddable":true,"href":"https:\/\/migracao.redenoticia.com.br\/noticia\/wp-json\/wp\/v2\/comments?post=50298"}],"version-history":[{"count":0,"href":"https:\/\/migracao.redenoticia.com.br\/noticia\/wp-json\/wp\/v2\/posts\/50298\/revisions"}],"wp:featuredmedia":[{"embeddable":true,"href":"https:\/\/migracao.redenoticia.com.br\/noticia\/wp-json\/wp\/v2\/media\/49116"}],"wp:attachment":[{"href":"https:\/\/migracao.redenoticia.com.br\/noticia\/wp-json\/wp\/v2\/media?parent=50298"}],"wp:term":[{"taxonomy":"category","embeddable":true,"href":"https:\/\/migracao.redenoticia.com.br\/noticia\/wp-json\/wp\/v2\/categories?post=50298"},{"taxonomy":"post_tag","embeddable":true,"href":"https:\/\/migracao.redenoticia.com.br\/noticia\/wp-json\/wp\/v2\/tags?post=50298"}],"curies":[{"name":"wp","href":"https:\/\/api.w.org\/{rel}","templated":true}]}}