{"id":503,"date":"2009-04-14T00:56:07","date_gmt":"2009-04-14T04:56:07","guid":{"rendered":"http:\/\/www.redenoticia.com.br\/noticia\/?p=503"},"modified":"2009-04-14T00:56:07","modified_gmt":"2009-04-14T04:56:07","slug":"empreendedor-ou-escravo","status":"publish","type":"post","link":"https:\/\/migracao.redenoticia.com.br\/noticia\/2009\/empreendedor-ou-escravo\/503","title":{"rendered":"Empreendedor ou escravo?"},"content":{"rendered":"<p>* Christian Barbosa     \u201cO dia que eu for dono do meu pr\u00f3prio neg\u00f3cio, terei mais tempo para mim\u201d. Quem j\u00e1 n\u00e3o ouviu ou disse essa frase alguma vez na vida? Talvez voc\u00ea tenha sido uma dessas muitas pessoas que falavam isso com freq\u00fc\u00eancia. Infelizmente, essa afirma\u00e7\u00e3o \u00e9 uma das coisas mais irreais que vejo quando falamos de administra\u00e7\u00e3o do tempo para empreendedores.<\/p>\n<p>O empreendedor \u201cpadr\u00e3o\u201d \u00e9 aquela pessoa que tem uma tend\u00eancia a ser workaholic, deixar de lado as coisas importantes na sua vida em fun\u00e7\u00e3o do crescimento da empresa, est\u00e1 sempre pensando em inova\u00e7\u00f5es, mais resultados etc.     A maioria dos empreendedores que conhe\u00e7o vira escravos do pr\u00f3prio neg\u00f3cio, pois n\u00e3o consegue separar a vida pessoal da vida empresarial. Eu fui assim durante muitos anos e o pior \u00e9 que nem percebia o quanto me afundava no meu pr\u00f3prio estresse. Hoje vejo o quanto isso me fez mal e por isso recomendo algumas dicas para reverter esse quadro:<\/p>\n<p>1.           Pare e pense qual caminho sua vida est\u00e1 seguindo \u2013 Se voc\u00ea cuida tanto da empresa e se dedica pouco para voc\u00ea e para suas atividades importantes, pode perceber que focou seu tempo em tarefas erradas e, \u00e0s vezes, isso acontece tarde demais. Conhe\u00e7o muitas hist\u00f3rias de empreendedores que cresceram com a empresa, mas destru\u00edram suas vidas e depois passaram a questionar se realmente o esfor\u00e7o de tentar fazer com que a empresa prosperasse, esquecendo-se da vida pessoal, valeu a pena. Equilibrar sua vida profissional com a pessoal \u00e9 muito importante para ter um futuro com maior sentido e sem arrependimentos;<\/p>\n<p>2.           Delegue o m\u00e1ximo que puder. Voc\u00ea n\u00e3o \u00e9 onipresente! \u2013 O empreendedor precisa ter a consci\u00eancia de que outras pessoas tamb\u00e9m podem realizar o trabalho que ele faz, pois ningu\u00e9m \u00e9 insubstitu\u00edvel. Isso n\u00e3o tira sua responsabilidade, mas o liberta para focar em outras atividades mais importantes. Se n\u00e3o for poss\u00edvel delegar algo a algu\u00e9m, o crescimento da empresa estar\u00e1 diretamente ligado ao tempo do empreendedor, que pode ser bem limitado. Obviamente, ele n\u00e3o delegar\u00e1 defini\u00e7\u00e3o de metas ou estrat\u00e9gias, mas o operacional deve ser, ao m\u00e1ximo, passado \u00e0 equipe;<\/p>\n<p>3.           Aprenda t\u00e9cnicas de gerenciamento do tempo e redu\u00e7\u00e3o de estresse \u2013 Chega um certo momento em que estamos t\u00e3o assolados de urg\u00eancias e atividades circunstanciais que precisamos de ajuda externa para conseguir enxergar uma solu\u00e7\u00e3o. Recomendo que procure um treinamento que o ajude a incorporar novas t\u00e9cnicas de administra\u00e7\u00e3o do tempo e redu\u00e7\u00e3o de estresse no seu dia-a-dia. Elas funcionam e podem ajudar a sair dessa fase negativa;<\/p>\n<p>4.           Coloque momentos importantes para voc\u00ea mesmo em sua agenda semanal \u2013 N\u00e3o deixe que os seus dias sejam compostos inteiramente por urg\u00eancias e circunst\u00e2ncias, comece a colocar pequenos momentos para voc\u00ea em sua agenda como, por exemplo, um almo\u00e7o em fam\u00edlia, sair um pouco mais cedo para ir ao cinema, buscar seus filhos na escola, praticar um esporte ou algum outro hobby. Al\u00e9m de ser importante para voc\u00ea e para suas rela\u00e7\u00f5es sociais, atividades prazerosas como essas renovam suas energias e d\u00e3o mais disposi\u00e7\u00e3o para ag\u00fcentar a press\u00e3o do dia-a-dia;<\/p>\n<p>5.           Aprenda com suas urg\u00eancias &#8211; A maioria das quest\u00f5es urgentes da sua rotina ou da sua equipe poderia ser evitada! Na pr\u00f3xima vez que algo urgente acontecer, pare e pense como pode evitar que esse problema se repita. Em geral, com antecipa\u00e7\u00e3o de atividades e planejamento voc\u00ea conseguir\u00e1 reduzi-las com sucesso;<\/p>\n<p>6.           Domingos s\u00e3o para atividades pessoais \u2013 Sua fam\u00edlia e sua vida precisam de voc\u00ea. Sempre que poss\u00edvel, evite ao m\u00e1ximo utilizar seu domingo para trabalhar. Desligue seu notebook, seu celular e esque\u00e7a a empresa. Fa\u00e7a passeios com a fam\u00edlia, aproveite seu tempo com as pessoas importantes de sua vida. Recomendo que no final do dia voc\u00ea planeje a semana, de modo a priorizar atividades importantes para seus dias e prevenir eventuais urg\u00eancias;<\/p>\n<p>7.           Escolha uma ferramenta para gerenciar o seu tempo \u2013 Para que sua organiza\u00e7\u00e3o e planejamento sejam feitos da melhor maneira, voc\u00ea precisa ter uma agenda eficiente, um celular, um palm top ou ent\u00e3o um site na Internet que o ajude a priorizar seus dias, planejar suas metas, agendar reuni\u00f5es etc. Cada pessoa tem uma prefer\u00eancia por um tipo de \u201corganizador\u201d diferente. Seja no computador ou no papel, encontre qual forma \u00e9 melhor para voc\u00ea e coloque em pr\u00e1tica.<\/p>\n<p>Por \u00faltimo, mas t\u00e3o importante quanto qualquer uma das dicas citadas acima, \u00e9 que voc\u00ea j\u00e1 agende suas f\u00e9rias. Se a empresa n\u00e3o vive sem voc\u00ea por pelo menos 10 dias, \u00e9 melhor voc\u00ea repensar toda a estrutura e organiza\u00e7\u00e3o do seu empreendimento.<\/p>\n<p>Christian Barbosa &#8211; Um dos maiores especialistas em gerenciamento do tempo e produtividade pessoal e empresarial. Autor dos livros A Tr\u00edade do Tempo &#8211; A Evolu\u00e7\u00e3o da Produtividade Pessoal, pela Editora Campus, e Voc\u00ea, Dona do Seu Tempo, pela Editora Gente. S\u00f3cio da Triad &#8211; empresa especializada em produtividade que presta consultoria, treinamento e oferece produtos diferenciados. Facilitador do programa de empreendedores do Sebrae\/ONU &#8211; Empretec. Sua metodologia e teorias sobre produtividade ganharam destaque e import\u00e2ncia nacional e internacional devido inova\u00e7\u00f5es e solu\u00e7\u00f5es diferenciadas.  www.triadedotempo.com.br e  www.maistempo.com.br<\/p>\n","protected":false},"excerpt":{"rendered":"<p>* Christian Barbosa \u201cO dia que eu for dono do meu pr\u00f3prio neg\u00f3cio, terei mais tempo para mim\u201d. Quem j\u00e1 n\u00e3o ouviu ou disse essa frase alguma vez na vida? Talvez voc\u00ea tenha sido uma dessas muitas pessoas que falavam isso com freq\u00fc\u00eancia. Infelizmente, essa afirma\u00e7\u00e3o \u00e9 uma das coisas mais irreais que vejo quando [&hellip;]<\/p>\n","protected":false},"author":2,"featured_media":0,"comment_status":"open","ping_status":"open","sticky":false,"template":"","format":"standard","meta":{"tdm_status":"","tdm_grid_status":"","footnotes":""},"categories":[7],"tags":[],"class_list":{"0":"post-503","1":"post","2":"type-post","3":"status-publish","4":"format-standard","6":"category-economia"},"_links":{"self":[{"href":"https:\/\/migracao.redenoticia.com.br\/noticia\/wp-json\/wp\/v2\/posts\/503","targetHints":{"allow":["GET"]}}],"collection":[{"href":"https:\/\/migracao.redenoticia.com.br\/noticia\/wp-json\/wp\/v2\/posts"}],"about":[{"href":"https:\/\/migracao.redenoticia.com.br\/noticia\/wp-json\/wp\/v2\/types\/post"}],"author":[{"embeddable":true,"href":"https:\/\/migracao.redenoticia.com.br\/noticia\/wp-json\/wp\/v2\/users\/2"}],"replies":[{"embeddable":true,"href":"https:\/\/migracao.redenoticia.com.br\/noticia\/wp-json\/wp\/v2\/comments?post=503"}],"version-history":[{"count":0,"href":"https:\/\/migracao.redenoticia.com.br\/noticia\/wp-json\/wp\/v2\/posts\/503\/revisions"}],"wp:attachment":[{"href":"https:\/\/migracao.redenoticia.com.br\/noticia\/wp-json\/wp\/v2\/media?parent=503"}],"wp:term":[{"taxonomy":"category","embeddable":true,"href":"https:\/\/migracao.redenoticia.com.br\/noticia\/wp-json\/wp\/v2\/categories?post=503"},{"taxonomy":"post_tag","embeddable":true,"href":"https:\/\/migracao.redenoticia.com.br\/noticia\/wp-json\/wp\/v2\/tags?post=503"}],"curies":[{"name":"wp","href":"https:\/\/api.w.org\/{rel}","templated":true}]}}