{"id":5030,"date":"2009-07-10T14:20:17","date_gmt":"2009-07-10T18:20:17","guid":{"rendered":"http:\/\/www.redenoticia.com.br\/noticia\/?p=5030"},"modified":"2009-07-10T15:37:44","modified_gmt":"2009-07-10T19:37:45","slug":"prefeitura-de-ji-parana-adere-ao-%e2%80%9cbrasil-alfabetizado%e2%80%9d","status":"publish","type":"post","link":"https:\/\/migracao.redenoticia.com.br\/noticia\/2009\/prefeitura-de-ji-parana-adere-ao-%e2%80%9cbrasil-alfabetizado%e2%80%9d\/5030","title":{"rendered":"Prefeitura de Ji-Paran\u00e1 adere ao \u201cBrasil Alfabetizado\u201d"},"content":{"rendered":"<p>A Prefeitura de Ji-Paran\u00e1, por meio da Secretaria Municipal de Educa\u00e7\u00e3o (Semed) aderiu ao Programa do Governo Federal, \u201cBrasil Alfabetizado\u201d. Ser\u00e3o disponibilizadas mil vagas para cidad\u00e3os acima de 15 anos, que desejem ser alfabetizados. A data prevista para in\u00edcio das aulas \u00e9 30 de novembro, podendo ser antecipada.<\/p>\n<p>De acordo com informa\u00e7\u00f5es Gicelma Dias Pereira, gestora local do programa, o curso de alfabetiza\u00e7\u00e3o acontecer\u00e1\u00a0durante oito meses, e ap\u00f3s este per\u00edodo, os alunos que desejarem, ser\u00e3o encaminhados para o Ceeja (Centro Estadual de Educa\u00e7\u00e3o de Jovens e Adultos), para continua\u00e7\u00e3o do curso.<\/p>\n<p>\u201cA partir da pr\u00f3xima semana j\u00e1 estaremos iniciando a busca por volunt\u00e1rios bolsistas. Precisamos preencher 55 vagas de alfabetizadores, que devem ter, no m\u00ednimo, o ensino m\u00e9dio, e passar\u00e3o por cursos de forma\u00e7\u00e3o inicial em outubro e, em mar\u00e7o do pr\u00f3ximo ano haver\u00e1 a forma\u00e7\u00e3o continuada\u201d, explicou, acrescentando que ser\u00e1 dada prioridade aos alfabetizadores com n\u00edvel superior.<\/p>\n<p>Quem estiver interessado em colaborar com o Brasil Alfabetizado, como um alfabetizador, dever\u00e1\u00a0 procurar Gicelma na sede da Semed, em hor\u00e1rio comercial. As aulas ser\u00e3o distribu\u00eddas em escolas municipais, priorizando a facilidade de acesso dos alfabetizandos. O curso ter\u00e1 uma carga hor\u00e1ria semanal de 10 horas. Os alfabetizadores receber\u00e3o, como ajuda de custo, uma bolsa de R$ 250,00 mensais. Servidores municipais tamb\u00e9m poder\u00e3o concorrer a uma das vagas de alfabetizador. As aulas acontecer\u00e3o de acordo com o hor\u00e1rio dispon\u00edvel de cada profissional. Na zona urbana ser\u00e3o formadas turmas de 14 a 25 alunos, e na zona rural, de 7 a 14 alunos.<\/p>\n<p>Atualmente, de acordo com dados do IBGE, pelo senso do ano de 2.000, existem cerca de 11 mil analfabetos no munic\u00edpio de Ji-Paran\u00e1.<\/p>\n","protected":false},"excerpt":{"rendered":"<p>A Prefeitura de Ji-Paran\u00e1, por meio da Secretaria Municipal de Educa\u00e7\u00e3o (Semed) aderiu ao Programa do Governo Federal, \u201cBrasil Alfabetizado\u201d. Ser\u00e3o disponibilizadas mil vagas para cidad\u00e3os acima de 15 anos, que desejem ser alfabetizados. A data prevista para in\u00edcio das aulas \u00e9 30 de novembro, podendo ser antecipada. De acordo com informa\u00e7\u00f5es Gicelma Dias Pereira, [&hellip;]<\/p>\n","protected":false},"author":2,"featured_media":0,"comment_status":"open","ping_status":"open","sticky":false,"template":"","format":"standard","meta":{"tdm_status":"","tdm_grid_status":"","footnotes":""},"categories":[22],"tags":[],"class_list":{"0":"post-5030","1":"post","2":"type-post","3":"status-publish","4":"format-standard","6":"category-brasil"},"_links":{"self":[{"href":"https:\/\/migracao.redenoticia.com.br\/noticia\/wp-json\/wp\/v2\/posts\/5030","targetHints":{"allow":["GET"]}}],"collection":[{"href":"https:\/\/migracao.redenoticia.com.br\/noticia\/wp-json\/wp\/v2\/posts"}],"about":[{"href":"https:\/\/migracao.redenoticia.com.br\/noticia\/wp-json\/wp\/v2\/types\/post"}],"author":[{"embeddable":true,"href":"https:\/\/migracao.redenoticia.com.br\/noticia\/wp-json\/wp\/v2\/users\/2"}],"replies":[{"embeddable":true,"href":"https:\/\/migracao.redenoticia.com.br\/noticia\/wp-json\/wp\/v2\/comments?post=5030"}],"version-history":[{"count":0,"href":"https:\/\/migracao.redenoticia.com.br\/noticia\/wp-json\/wp\/v2\/posts\/5030\/revisions"}],"wp:attachment":[{"href":"https:\/\/migracao.redenoticia.com.br\/noticia\/wp-json\/wp\/v2\/media?parent=5030"}],"wp:term":[{"taxonomy":"category","embeddable":true,"href":"https:\/\/migracao.redenoticia.com.br\/noticia\/wp-json\/wp\/v2\/categories?post=5030"},{"taxonomy":"post_tag","embeddable":true,"href":"https:\/\/migracao.redenoticia.com.br\/noticia\/wp-json\/wp\/v2\/tags?post=5030"}],"curies":[{"name":"wp","href":"https:\/\/api.w.org\/{rel}","templated":true}]}}