{"id":5032,"date":"2009-07-10T14:22:17","date_gmt":"2009-07-10T18:22:17","guid":{"rendered":"http:\/\/www.redenoticia.com.br\/noticia\/?p=5032"},"modified":"2009-07-10T15:40:15","modified_gmt":"2009-07-10T19:40:15","slug":"meu-1%c2%ba-negocio-abriu-com-mais-de-duas-mil-pessoas-no-minascentro-em-belo-horizonte","status":"publish","type":"post","link":"https:\/\/migracao.redenoticia.com.br\/noticia\/2009\/meu-1%c2%ba-negocio-abriu-com-mais-de-duas-mil-pessoas-no-minascentro-em-belo-horizonte\/5032","title":{"rendered":"Meu 1\u00ba Neg\u00f3cio abriu com mais de duas mil pessoas no Minascentro em Belo Horizonte"},"content":{"rendered":"<p>O evento Meu 1\u00ba Neg\u00f3cio reuniu ontem mais de duas mil pessoas no Minascentro, em Belo Horizonte. No balan\u00e7o do 1\u00ba dia foram contabilizadas 2.961 participantes em 72 atividades, como consultorias, palestras, semin\u00e1rios e oficinas. Na abertura do evento estiveram presentes o presidente do Sebrae Nacional, Paulo Okamotto, o presidente do Conselho Deliberativo do SEBRAE-MG, Roberto Sim\u00f5es, autoridades federais, estaduais e municipais. O Meu 1\u00ba Neg\u00f3cio, promovido pelo SEBRAE-MG \u00e9 gratuito e termina amanh\u00e3 (11\/7).<\/p>\n<p>&#8220;O evento oferece orienta\u00e7\u00f5es para quem quer abrir uma empresa, buscar informa\u00e7\u00e3o sobre formaliza\u00e7\u00e3o ou expandir os neg\u00f3cios. Nossa miss\u00e3o \u00e9 de estimular o empreendedorismo e promover o desenvolvimento sustent\u00e1vel das micro e pequenas empresas no estado&#8221;, destaca Roberto Sim\u00f5es.<\/p>\n<p>Nas cl\u00ednicas tecnol\u00f3gicas 156 pessoas se dividiram em 16 grupos para tirar d\u00favidas sobre fabrica\u00e7\u00e3o de alimentos, controle de qualidade, comercializa\u00e7\u00e3o e aproveitamento de res\u00edduos.<\/p>\n<p>Nove oficinas de artesanato, promovidas pelo Centro Cape, atra\u00edram a aten\u00e7\u00e3o de 156 interessados em aprender a fazer marcador de livro, doce de coco, flores de papel e papel reciclado.<\/p>\n<p>Em 13 salas, o SEBRAE-MG realizou palestras simult\u00e2neas sobre empreendedorismo e gest\u00e3o. Entre os temas abordados est\u00e3o planejamento de marketing, estoque e recursos humanos, inova\u00e7\u00e3o, avalia\u00e7\u00e3o de oportunidades, forma\u00e7\u00e3o de pre\u00e7o de venda, lideran\u00e7a, lucratividade, controle financeiro e estrat\u00e9gia de comercializa\u00e7\u00e3o.<\/p>\n<p>O Empreendedor Individual foi um dos assuntos mais procurados. No evento, os participantes puderam esclarecer d\u00favidas sobre a Lei Complementar 128, que possibilita a formaliza\u00e7\u00e3o de trabalhadores informais. &#8220;Este ano daremos mais foco ao Empreendedor Individual. Estamos preparados para informar sobre os benef\u00edcios e as vantagens da formaliza\u00e7\u00e3o para aqueles que querem regularizar o seu neg\u00f3cio&#8221;, explica o presidente do Conselho Deliberativo do SEBRAE-MG, Roberto Sim\u00f5es.<\/p>\n<p>Paulo Okamotto destacou o compromisso do Sebrae de trazer para a formalidade mais de 11 milh\u00f5es de empreendedores. &#8220;Antes da Lei 128 t\u00ednhamos muita dificuldade em prestar atendimento a estas pessoas, porque n\u00e3o sab\u00edamos onde elas estavam, quanto elas ganhavam e quais as atividades faziam. Agora poderemos oferecer um melhor atendimento&#8221;, afirma o presidente do Sebrae Nacional.<\/p>\n<p>Balan\u00e7o parcial &#8211; (quinta-feira)<\/p>\n<p>2.370 visitantes<\/p>\n<p>2.961 participa\u00e7\u00f5es em palestras, semin\u00e1rios, consultorias de gest\u00e3o e neg\u00f3cio, oficinas e cl\u00ednicas tecnol\u00f3gicas<\/p>\n<p>72 atividades<\/p>\n<p>179 participantes em oficinas<\/p>\n<p>156 participantes m cl\u00ednicas tecnol\u00f3gicas<\/p>\n<p>Meu 1\u00ba Neg\u00f3cio<\/p>\n<p>At\u00e9 s\u00e1bado (11\/7)<\/p>\n<p>Minascentro \/ BH<\/p>\n<p>Inscri\u00e7\u00f5es gratuitas no local<\/p>\n<p>Informa\u00e7\u00f5es: <a href=\"http:\/\/www.sebraemg.com.br\" target=\"_blank\">www.sebraemg.com.br<\/a><\/p>\n","protected":false},"excerpt":{"rendered":"<p>O evento Meu 1\u00ba Neg\u00f3cio reuniu ontem mais de duas mil pessoas no Minascentro, em Belo Horizonte. No balan\u00e7o do 1\u00ba dia foram contabilizadas 2.961 participantes em 72 atividades, como consultorias, palestras, semin\u00e1rios e oficinas. Na abertura do evento estiveram presentes o presidente do Sebrae Nacional, Paulo Okamotto, o presidente do Conselho Deliberativo do SEBRAE-MG, [&hellip;]<\/p>\n","protected":false},"author":3,"featured_media":0,"comment_status":"open","ping_status":"open","sticky":false,"template":"","format":"standard","meta":{"tdm_status":"","tdm_grid_status":"","footnotes":""},"categories":[22,7],"tags":[],"class_list":{"0":"post-5032","1":"post","2":"type-post","3":"status-publish","4":"format-standard","6":"category-brasil","7":"category-economia"},"_links":{"self":[{"href":"https:\/\/migracao.redenoticia.com.br\/noticia\/wp-json\/wp\/v2\/posts\/5032","targetHints":{"allow":["GET"]}}],"collection":[{"href":"https:\/\/migracao.redenoticia.com.br\/noticia\/wp-json\/wp\/v2\/posts"}],"about":[{"href":"https:\/\/migracao.redenoticia.com.br\/noticia\/wp-json\/wp\/v2\/types\/post"}],"author":[{"embeddable":true,"href":"https:\/\/migracao.redenoticia.com.br\/noticia\/wp-json\/wp\/v2\/users\/3"}],"replies":[{"embeddable":true,"href":"https:\/\/migracao.redenoticia.com.br\/noticia\/wp-json\/wp\/v2\/comments?post=5032"}],"version-history":[{"count":0,"href":"https:\/\/migracao.redenoticia.com.br\/noticia\/wp-json\/wp\/v2\/posts\/5032\/revisions"}],"wp:attachment":[{"href":"https:\/\/migracao.redenoticia.com.br\/noticia\/wp-json\/wp\/v2\/media?parent=5032"}],"wp:term":[{"taxonomy":"category","embeddable":true,"href":"https:\/\/migracao.redenoticia.com.br\/noticia\/wp-json\/wp\/v2\/categories?post=5032"},{"taxonomy":"post_tag","embeddable":true,"href":"https:\/\/migracao.redenoticia.com.br\/noticia\/wp-json\/wp\/v2\/tags?post=5032"}],"curies":[{"name":"wp","href":"https:\/\/api.w.org\/{rel}","templated":true}]}}