{"id":5051,"date":"2009-07-10T15:07:37","date_gmt":"2009-07-10T19:07:37","guid":{"rendered":"http:\/\/www.redenoticia.com.br\/noticia\/?p=5051"},"modified":"2009-07-10T15:09:25","modified_gmt":"2009-07-10T19:09:25","slug":"inscricao-para-vestibular-de-direito-da-gv-2010","status":"publish","type":"post","link":"https:\/\/migracao.redenoticia.com.br\/noticia\/2009\/inscricao-para-vestibular-de-direito-da-gv-2010\/5051","title":{"rendered":"Inscri\u00e7\u00e3o para vestibular de Direito da GV 2010"},"content":{"rendered":"<p>At\u00e9 o dia 13 de agosto, a taxa custa R$ 75,00 e valor dobra a partir das 18h01 de 13 de agosto at\u00e9 28 de setembro. Provas de Geografia e Hist\u00f3ria passam a ser eliminat\u00f3rias na GV.<\/p>\n<p>As inscri\u00e7\u00f5es para o Vestibular 2010 da Escola de Direito de S\u00e3o Paulo da Funda\u00e7\u00e3o Getulio Vargas (Direito GV) come\u00e7am na pr\u00f3xima segunda-feira, 13, com encerramento em 28 de setembro. At\u00e9 \u00e0s 18h do dia 13 de agosto, a taxa de inscri\u00e7\u00e3o custar\u00e1 R$ 75,00, passando a R$ 150,00 para quem pag\u00e1-la a partir das 18h01 do dia 13 de agosto at\u00e9 o dia 28 de setembro. O edital e o manual de inscri\u00e7\u00f5es estar\u00e3o dispon\u00edveis a partir desta segunda-feira, 13. As inscri\u00e7\u00f5es ser\u00e3o feitas exclusivamente pelo site <a href=\"http:\/\/www.fgv.br\/vestibulares\" target=\"_blank\">www.fgv.br\/vestibulares<\/a>.<\/p>\n<p>Neste ano, as provas de Geografia e Hist\u00f3ria passar\u00e3o a ser eliminat\u00f3rias, ao lado das provas de reda\u00e7\u00e3o, l\u00edngua portuguesa, ingl\u00eas e o exame oral da segunda fase, que j\u00e1 possuem car\u00e1ter eliminat\u00f3rio deste os vestibulares passados.<\/p>\n<p>Ser\u00e3o eliminados automaticamente do processo seletivo os candidatos que se enquadrarem em, pelo menos, uma das seguintes situa\u00e7\u00f5es:<\/p>\n<p>A &#8211; obtiver nota bruta inferior a 3,0 (tr\u00eas) na prova de Reda\u00e7\u00e3o;<br \/>\nB &#8211; obtiver nota bruta inferior a 3,0 (tr\u00eas) na prova de L\u00edngua Portuguesa;<br \/>\nC &#8211; obtiver nota bruta inferior a 3,0 (tr\u00eas) na prova de Ingl\u00eas;<br \/>\nD &#8211; obtiver nota bruta inferior a 3,0 (tr\u00eas) na prova de Hist\u00f3ria;<br \/>\nE &#8211; obtiver nota bruta inferior a 3,0 (tr\u00eas) na prova de Geografia; NOVIDADES<br \/>\nF &#8211; estiver ausente em qualquer uma das provas;<br \/>\nG &#8211; obtiver nota zero em qualquer uma das provas;<br \/>\nH &#8211; obtiver nota bruta inferior a 3,0 (tr\u00eas) no Exame Oral<\/p>\n<p>Outra novidade \u00e9 que a partir de 2010 a matr\u00edcula ser\u00e1 efetivada em apenas uma etapa, ao contr\u00e1rio dos anos anteriores. A lista de convocados em primeira chamada ser\u00e1 divulgada no dia 18\/12\/2009, assim como as instru\u00e7\u00f5es para pedidos ao Fundo de Bolsas e o respectivo formul\u00e1rio. O candidato aprovado ter\u00e1 que seguir as instru\u00e7\u00f5es caso queira obter aux\u00edlio do fundo de bolsas. O resultado ser\u00e1 divulgado antes da matr\u00edcula, marcada para 05\/02\/2010. O n\u00e3o comparecimento na matr\u00edcula implicar\u00e1 a perda da vaga. Todas essas informa\u00e7\u00f5es dever\u00e3o ser acompanhadas pelo candidato no site www.fgv.br\/vestibulares.<\/p>\n<p>Bolsas<\/p>\n<p>O curso de direito da Direito GV n\u00e3o tem v\u00ednculo com o Fies (Fundo de Financiamento ao Estudante do Ensino Superior) e com o Programa Universidade para Todos (Prouni), ambos do Minist\u00e9rio da Educa\u00e7\u00e3o<\/p>\n<p>A Direito GV oferece o programa de Fundo de Bolsas para financiamento sem juros das mensalidades escolares aos alunos que comprovarem necessidade. Para mais informa\u00e7\u00f5es, acesse www.fgv.br\/direitogv\/fundodebolsas\/.<\/p>\n<p>Para os candidatos aprovados e convocados para matr\u00edcula em primeira chamada, os pedidos de financiamento ao Fundo de Bolsas dever\u00e3o ser entregues antes da matr\u00edcula, at\u00e9 o dia 09\/01\/2010. Os resultados ser\u00e3o enviados para o e-mail do candidato, informado na ficha de inscri\u00e7\u00e3o, em 19\/01\/2010.<\/p>\n<p>Os candidatos poder\u00e3o recorrer da decis\u00e3o at\u00e9 o dia 20\/01\/2010. Os resultados definitivos ser\u00e3o divulgados no dia 23\/01\/2010, tamb\u00e9m por e-mail.<\/p>\n<p>A coordena\u00e7\u00e3o do vestibular indica a seguinte bibliografia que pode auxiliar nos estudos: &#8220;O Cinema Brasileiro Hoje&#8221;, de Pedro Buchter, cr\u00edtico da Folha de S.Paulo, da cole\u00e7\u00e3o Folha Explica, editora Publifolha (2005); &#8220;A Significa\u00e7\u00e3o no Cinema&#8221;, de Christian Metz, tradu\u00e7\u00e3o de Jean Claude Bernardet, S\u00e3o Paulo, ed. Perspectiva\/USP (1972); e &#8220;A Experi\u00eancia do Cinema&#8221;, organizado por Ismail Xavier &#8211; antologia, editora Graal (1983).<\/p>\n<p>Hotsite e Twitter<\/p>\n<p>Os interessados em participar do Vestibular da FGV contam com interatividade e agilidade no hotsite, www.fgv.br\/vestibular e com a p\u00e1gina da FGV no twitter http:\/\/twitter.com\/fgv_oficial. Atrav\u00e9s do hotsite, os candidatos podem assistir a uma aula-convite do curso de seu interesse e conhecer as instala\u00e7\u00f5es da FGV em um passeio virtual guiado por alunos. A p\u00e1gina permite ainda que o candidato fa\u00e7a sua inscri\u00e7\u00e3o online e mantenha-se sempre informado sobre detalhes do concurso. Os vestibulandos contam ainda com a FGV TV, onde alunos, pais, ex-alunos, professores e profissionais de RH falam sobre as vantagens de estudar na Funda\u00e7\u00e3o. Outros v\u00eddeos, como trechos de semin\u00e1rios e projetos desenvolvidos pela FGV, podem ser assistidos no brand channel da institui\u00e7\u00e3o localizado no site Youtube, o FGV TV (www.fgv.br\/fgvtv).<\/p>\n<p>Servi\u00e7o:<\/p>\n<p>Vestibular Direito GV 2010<br \/>\nInscri\u00e7\u00f5es ser\u00e3o realizadas apenas via Internet, no site www.fgv.br\/vestibulares<br \/>\nPer\u00edodo e valor da inscri\u00e7\u00e3o: de 13 de julho a 13 de agosto, 18h &#8211; R$ 75,00<br \/>\nde 13 de agosto, 18h01, a 28 de setembro, 18h R$ 150,00<br \/>\nData de divulga\u00e7\u00e3o dos locais de prova da primeira fase: 21 de outubro<br \/>\nDatas da prova da primeira fase: 01 de novembro: provas dissertativas de Reda\u00e7\u00e3o, L\u00edngua Portuguesa e Ingl\u00eas;<br \/>\n02 de novembro: provas dissertativas de Artes Visuais e Literatura, Hist\u00f3ria, Geografia e Racioc\u00ednio L\u00f3gico-Matem\u00e1tico.<\/p>\n<p>Hor\u00e1rios das provas da primeira fase: das 14h \u00e0s 18h. \u00c0s 13h45, os port\u00f5es ser\u00e3o fechados. O candidato que comparecer ap\u00f3s o fechamento dos port\u00f5es estar\u00e1 automaticamente eliminado do Processo Seletivo.<\/p>\n<p>Data de divulga\u00e7\u00e3o dos aprovados na primeira fase e agendamento para a segunda fase: 02 de dezembro.<\/p>\n<p>Datas da prova da segunda fase (exame oral): de 07 a 11 de dezembro, em hor\u00e1rio a ser agendado. O candidato dever\u00e1 comparecer com meia hora de anteced\u00eancia, sendo que os port\u00f5es ser\u00e3o fechados 15 minutos antes do hor\u00e1rio marcado para a segunda fase. O candidato que comparecer ap\u00f3s o fechamento dos port\u00f5es estar\u00e1 eliminado do Processo Seletivo. N\u00e3o ser\u00e1 permitido o reagendamento de dia ou hor\u00e1rio, em hip\u00f3tese alguma.<\/p>\n<p>Data de divulga\u00e7\u00e3o dos aprovados em primeira chamada: 18 de dezembro<\/p>\n<p>Data limite para pedido de financiamento ao Fundo de Bolsas: 09 de janeiro<br \/>\nData de divulga\u00e7\u00e3o dos resultados do Fundo de Bolsas: 19 de janeiro<br \/>\nData limite para que os candidatos recorram da decis\u00e3o: 20 de janeiro<br \/>\nData limite para divulga\u00e7\u00e3o dos resultados definitivos do Fundo de Bolsas: 23 de janeiro<br \/>\nData de matr\u00edcula para os convocados em primeira chamada: 05 de fevereiro<br \/>\nDivulga\u00e7\u00e3o da lista dos convocados para o Requerimento de Matr\u00edcula em segunda chamada: 08 de fevereiro, a partir das 10h<br \/>\nRequerimento de Matr\u00edcula para os candidatos convocados em segunda chamada: 09 de fevereiro, das 9h \u00e0s 14h<br \/>\nApresenta\u00e7\u00e3o de Declara\u00e7\u00e3o de Interesse de Vaga, para as vagas remanescentes ap\u00f3s o Requerimento de Matr\u00edcula em Segunda Chamada: 10 de fevereiro, para os candidatos em lista de espera, na secretaria de Gradua\u00e7\u00e3o da Direito GV, \u00e0 r. Rocha, 233, 8\u00ba. Andar, das 9h \u00e0s 16h ou pelo e-mail secretaria.direito@fgv.br ou pelo fax (11) 3281-3339<\/p>\n<p>A partir de 11 de fevereiro, havendo vaga dispon\u00edvel, ser\u00e1 convocado o candidato que, dentre aqueles que tenha preenchido a declara\u00e7\u00e3o de interesse de vaga, tiver obtido a melhor classifica\u00e7\u00e3o geral. A convoca\u00e7\u00e3o ser\u00e1 feita por telegrama e e-mail, conforme endere\u00e7o indicado por ocasi\u00e3o de sua inscri\u00e7\u00e3o no processo seletivo.<\/p>\n<p>O n\u00e3o comparecimento na data indicada para o preenchimento da declara\u00e7\u00e3o de interesse de vaga acarreta a perda de direito \u00e0 vaga que possa futuramente surgir, isto \u00e9, o candidato estar\u00e1 fora da lista de poss\u00edveis convocados.<\/p>\n<p>Data limite para desist\u00eancia de vaga no curso: 26 de fevereiro<\/p>\n<p>Mais informa\u00e7\u00f5es no site: www.fgv.br\/vestibulares ou pelo telefone (11) &#8211; 3281-3429<\/p>\n","protected":false},"excerpt":{"rendered":"<p>At\u00e9 o dia 13 de agosto, a taxa custa R$ 75,00 e valor dobra a partir das 18h01 de 13 de agosto at\u00e9 28 de setembro. Provas de Geografia e Hist\u00f3ria passam a ser eliminat\u00f3rias na GV. As inscri\u00e7\u00f5es para o Vestibular 2010 da Escola de Direito de S\u00e3o Paulo da Funda\u00e7\u00e3o Getulio Vargas (Direito [&hellip;]<\/p>\n","protected":false},"author":3,"featured_media":0,"comment_status":"open","ping_status":"open","sticky":false,"template":"","format":"standard","meta":{"tdm_status":"","tdm_grid_status":"","footnotes":""},"categories":[22],"tags":[],"class_list":{"0":"post-5051","1":"post","2":"type-post","3":"status-publish","4":"format-standard","6":"category-brasil"},"_links":{"self":[{"href":"https:\/\/migracao.redenoticia.com.br\/noticia\/wp-json\/wp\/v2\/posts\/5051","targetHints":{"allow":["GET"]}}],"collection":[{"href":"https:\/\/migracao.redenoticia.com.br\/noticia\/wp-json\/wp\/v2\/posts"}],"about":[{"href":"https:\/\/migracao.redenoticia.com.br\/noticia\/wp-json\/wp\/v2\/types\/post"}],"author":[{"embeddable":true,"href":"https:\/\/migracao.redenoticia.com.br\/noticia\/wp-json\/wp\/v2\/users\/3"}],"replies":[{"embeddable":true,"href":"https:\/\/migracao.redenoticia.com.br\/noticia\/wp-json\/wp\/v2\/comments?post=5051"}],"version-history":[{"count":0,"href":"https:\/\/migracao.redenoticia.com.br\/noticia\/wp-json\/wp\/v2\/posts\/5051\/revisions"}],"wp:attachment":[{"href":"https:\/\/migracao.redenoticia.com.br\/noticia\/wp-json\/wp\/v2\/media?parent=5051"}],"wp:term":[{"taxonomy":"category","embeddable":true,"href":"https:\/\/migracao.redenoticia.com.br\/noticia\/wp-json\/wp\/v2\/categories?post=5051"},{"taxonomy":"post_tag","embeddable":true,"href":"https:\/\/migracao.redenoticia.com.br\/noticia\/wp-json\/wp\/v2\/tags?post=5051"}],"curies":[{"name":"wp","href":"https:\/\/api.w.org\/{rel}","templated":true}]}}