{"id":5078,"date":"2009-07-10T16:41:21","date_gmt":"2009-07-10T20:41:21","guid":{"rendered":"http:\/\/www.redenoticia.com.br\/noticia\/?p=5078"},"modified":"2009-07-10T16:41:21","modified_gmt":"2009-07-10T20:41:21","slug":"receita-federal-vai-creditar-2%c2%ba-lote-do-irpf-exercicios-2008-e-2009","status":"publish","type":"post","link":"https:\/\/migracao.redenoticia.com.br\/noticia\/2009\/receita-federal-vai-creditar-2%c2%ba-lote-do-irpf-exercicios-2008-e-2009\/5078","title":{"rendered":"Receita Federal vai creditar 2\u00ba Lote do IRPF (exerc\u00edcios 2008 e 2009)"},"content":{"rendered":"<p>A Receita Federal do Brasil liberou \u00e0s 9  horas da ultima quarta-feira (8\/7), consulta ao 2\u00ba lote de restitui\u00e7\u00f5es  multi-exerc\u00edcio do Imposto de Renda da Pessoa F\u00edsica, exerc\u00edcios 2009 e 2008.<\/p>\n<p>No dia 15 de julho de 2009 ser\u00e3o  creditadas, simultaneamente, as restitui\u00e7\u00f5es referentes aos exerc\u00edcios de 2009 e  2008 para um total de 1.496.478 contribuintes, totalizando um montante de R$  1.850.000.000,00.<\/p>\n<p>Para o exerc\u00edcio de 2009, ser\u00e3o  creditadas restitui\u00e7\u00f5es para um total de 1.483.946 contribuintes, totalizando R$  1.829.249.470,97, acrescidos de 2,53% (Selic de maio a julho\/2009). Desse  montante, 24.648 contribuintes foram priorizados conforme a Lei 10.741\/2003  (Estatuto do Idoso), totalizando R$ 55.187.117,75.<\/p>\n<p>Com rela\u00e7\u00e3o ao lote residual do  exerc\u00edcio de 2008, ser\u00e3o creditadas restitui\u00e7\u00f5es para um total de 12.532  contribuintes, totalizando R$ 20.750.529,03, corrigido em 14,60% (Selic de maio  de 2008 a julho de 2009).<\/p>\n<p>Para saber se ter\u00e1 a restitui\u00e7\u00e3o liberada  nesse lote, o contribuinte poder\u00e1 acessar a p\u00e1gina da Receita na Internet  (www.receita.fazenda.gov.br) ou ligar para o Receitafone 146, informando o  n\u00famero do CPF.<\/p>\n<p>Caso o valor n\u00e3o seja creditado, o  contribuinte dever\u00e1 se dirigir ou ligar para uma das ag\u00eancias do Banco do Brasil  ou para o \u2018BB responde\u2019 4004-0001 (capitais) ou 0800-729-0001 (demais  localidades), para agendar o cr\u00e9dito em conta-corrente ou poupan\u00e7a em seu nome,  em qualquer banco.<\/p>\n<p>A restitui\u00e7\u00e3o ficar\u00e1 dispon\u00edvel no  banco por um ano. Se o contribuinte n\u00e3o fizer o resgate nesse prazo, dever\u00e1  requer\u00ea-la mediante Formul\u00e1rio Eletr\u00f4nico (Pedido de Pagamento de Restitui\u00e7\u00e3o),  dispon\u00edvel na p\u00e1gina da Receita Federal na Internet.<\/p>\n<p>A consulta ao extrato de  processamento da declara\u00e7\u00e3o, tamb\u00e9m, poder\u00e1 ser feita na Internet  (www.receita.fazenda.gov.br).<\/p>\n<p>Caso o contribuinte n\u00e3o concorde  com o valor da restitui\u00e7\u00e3o poder\u00e1 receber a import\u00e2ncia dispon\u00edvel no banco e  reclamar a diferen\u00e7a na unidade local da Receita.<\/p>\n","protected":false},"excerpt":{"rendered":"<p>A Receita Federal do Brasil liberou \u00e0s 9 horas da ultima quarta-feira (8\/7), consulta ao 2\u00ba lote de restitui\u00e7\u00f5es multi-exerc\u00edcio do Imposto de Renda da Pessoa F\u00edsica, exerc\u00edcios 2009 e 2008. No dia 15 de julho de 2009 ser\u00e3o creditadas, simultaneamente, as restitui\u00e7\u00f5es referentes aos exerc\u00edcios de 2009 e 2008 para um total de 1.496.478 [&hellip;]<\/p>\n","protected":false},"author":3,"featured_media":0,"comment_status":"open","ping_status":"open","sticky":false,"template":"","format":"standard","meta":{"tdm_status":"","tdm_grid_status":"","footnotes":""},"categories":[22,7],"tags":[],"class_list":{"0":"post-5078","1":"post","2":"type-post","3":"status-publish","4":"format-standard","6":"category-brasil","7":"category-economia"},"_links":{"self":[{"href":"https:\/\/migracao.redenoticia.com.br\/noticia\/wp-json\/wp\/v2\/posts\/5078","targetHints":{"allow":["GET"]}}],"collection":[{"href":"https:\/\/migracao.redenoticia.com.br\/noticia\/wp-json\/wp\/v2\/posts"}],"about":[{"href":"https:\/\/migracao.redenoticia.com.br\/noticia\/wp-json\/wp\/v2\/types\/post"}],"author":[{"embeddable":true,"href":"https:\/\/migracao.redenoticia.com.br\/noticia\/wp-json\/wp\/v2\/users\/3"}],"replies":[{"embeddable":true,"href":"https:\/\/migracao.redenoticia.com.br\/noticia\/wp-json\/wp\/v2\/comments?post=5078"}],"version-history":[{"count":0,"href":"https:\/\/migracao.redenoticia.com.br\/noticia\/wp-json\/wp\/v2\/posts\/5078\/revisions"}],"wp:attachment":[{"href":"https:\/\/migracao.redenoticia.com.br\/noticia\/wp-json\/wp\/v2\/media?parent=5078"}],"wp:term":[{"taxonomy":"category","embeddable":true,"href":"https:\/\/migracao.redenoticia.com.br\/noticia\/wp-json\/wp\/v2\/categories?post=5078"},{"taxonomy":"post_tag","embeddable":true,"href":"https:\/\/migracao.redenoticia.com.br\/noticia\/wp-json\/wp\/v2\/tags?post=5078"}],"curies":[{"name":"wp","href":"https:\/\/api.w.org\/{rel}","templated":true}]}}