{"id":508,"date":"2009-04-14T15:04:54","date_gmt":"2009-04-14T19:04:54","guid":{"rendered":"http:\/\/www.redenoticia.com.br\/noticia\/?p=508"},"modified":"2009-04-14T15:08:08","modified_gmt":"2009-04-14T19:08:08","slug":"isau-onseca-fica-impedido-de-receber-quitacao-eleitoral-ate-2011","status":"publish","type":"post","link":"https:\/\/migracao.redenoticia.com.br\/noticia\/2009\/isau-onseca-fica-impedido-de-receber-quitacao-eleitoral-ate-2011\/508","title":{"rendered":"Isau Fonseca fica impedido de receber quita\u00e7\u00e3o eleitoral at\u00e9 2011"},"content":{"rendered":"<p>\u00a0<\/p>\n<p>\u00a0<img loading=\"lazy\" decoding=\"async\" class=\"alignleft\" src=\"http:\/\/img82.imageshack.us\/img82\/6831\/ogaaacrxgh9y9mev18pihde.jpg\" alt=\"\" width=\"320\" height=\"240\" \/>O Tribunal Regional Eleitoral de Rond\u00f4nia reformou a decis\u00e3o do Ju\u00edzo da 30\u00aa Zona Eleitoral nos autos que sobre a presta\u00e7\u00e3o de contas de campanha de Isa\u00fa Raimundo da Fonseca relativa \u00e0s elei\u00e7\u00f5es de 2008. O julgamento aconteceu na sess\u00e3o de ter\u00e7a (7).<\/p>\n<p>\u00a0<\/p>\n<p>O Minist\u00e9rio P\u00fablico recorreu argumentando existirem falhas insan\u00e1veis nas contas do candidato recorrido consistentes em: a) todos os recibos e notas fiscais foram apresentados em c\u00f3pia reprogr\u00e1fica, em viola\u00e7\u00e3o ao artigo 32 da Resolu\u00e7\u00e3o TSE n. 22.715\/2008; b) a sobra de campanha n\u00e3o foi destinada \u00e0 dire\u00e7\u00e3o partid\u00e1ria ou coliga\u00e7\u00e3o, sendo depositada diretamente em conta banc\u00e1ria de funda\u00e7\u00e3o privada; c) o candidato realizou toda a movimenta\u00e7\u00e3o financeira de sua conta corrente por meio de saques banc\u00e1rios; e d) viola\u00e7\u00e3o a Resolu\u00e7\u00e3o TRE-RO n. 40\/2008 (proibi\u00e7\u00e3o de saques de valores superiores a R$ 5.000,00 (cinco mil reais), a partir do dia 1\u00ba de outubro at\u00e9 o encerramento das elei\u00e7\u00f5es, dia 5 (cinco) de outubro de 2008).<\/p>\n<p>\u00a0<\/p>\n<p>Quanto aos os recibos e notas fiscais apresentados em c\u00f3pia reprogr\u00e1fica, essa irregularidade foi san\u00e1vel pelo candidato. Sobre a destina\u00e7\u00e3o das sobras de campanha, o relator do recurso, Juiz Jos\u00e9 Torres Ferreira, foi incisivo em afirmar que \u00e9 uma quest\u00e3o interna corporis, que cabe ao partido reivindicar e resolver, sobretudo pelas peculiaridades do caso\u201d. Por isso, n\u00e3o vislumbrou irregularidade nesse ponto, assim como os demais membros do Tribunal.<\/p>\n<p>\u00a0<\/p>\n<p>As irregularidades apontadas pelo Minist\u00e9rio P\u00fablico que encontraram acolhida no Tribunal foram a de movimenta\u00e7\u00e3o financeira de conta corrente por meio de saques banc\u00e1rios e viola\u00e7\u00e3o da Resolu\u00e7\u00e3o do TRE-RO que proibiu saques acima de R$ 5.000,00.<\/p>\n<p>\u00a0<\/p>\n<p><a href=\"http:\/\/www.tre-ro.gov.br\/noticias\/ler.php?id=1589\">Leia mais<\/a><\/p>\n","protected":false},"excerpt":{"rendered":"<p>\u00a0 \u00a0O Tribunal Regional Eleitoral de Rond\u00f4nia reformou a decis\u00e3o do Ju\u00edzo da 30\u00aa Zona Eleitoral nos autos que sobre a presta\u00e7\u00e3o de contas de campanha de Isa\u00fa Raimundo da Fonseca relativa \u00e0s elei\u00e7\u00f5es de 2008. O julgamento aconteceu na sess\u00e3o de ter\u00e7a (7). \u00a0 O Minist\u00e9rio P\u00fablico recorreu argumentando existirem falhas insan\u00e1veis nas contas [&hellip;]<\/p>\n","protected":false},"author":2,"featured_media":0,"comment_status":"open","ping_status":"open","sticky":false,"template":"","format":"standard","meta":{"tdm_status":"","tdm_grid_status":"","footnotes":""},"categories":[22],"tags":[],"class_list":{"0":"post-508","1":"post","2":"type-post","3":"status-publish","4":"format-standard","6":"category-brasil"},"_links":{"self":[{"href":"https:\/\/migracao.redenoticia.com.br\/noticia\/wp-json\/wp\/v2\/posts\/508","targetHints":{"allow":["GET"]}}],"collection":[{"href":"https:\/\/migracao.redenoticia.com.br\/noticia\/wp-json\/wp\/v2\/posts"}],"about":[{"href":"https:\/\/migracao.redenoticia.com.br\/noticia\/wp-json\/wp\/v2\/types\/post"}],"author":[{"embeddable":true,"href":"https:\/\/migracao.redenoticia.com.br\/noticia\/wp-json\/wp\/v2\/users\/2"}],"replies":[{"embeddable":true,"href":"https:\/\/migracao.redenoticia.com.br\/noticia\/wp-json\/wp\/v2\/comments?post=508"}],"version-history":[{"count":0,"href":"https:\/\/migracao.redenoticia.com.br\/noticia\/wp-json\/wp\/v2\/posts\/508\/revisions"}],"wp:attachment":[{"href":"https:\/\/migracao.redenoticia.com.br\/noticia\/wp-json\/wp\/v2\/media?parent=508"}],"wp:term":[{"taxonomy":"category","embeddable":true,"href":"https:\/\/migracao.redenoticia.com.br\/noticia\/wp-json\/wp\/v2\/categories?post=508"},{"taxonomy":"post_tag","embeddable":true,"href":"https:\/\/migracao.redenoticia.com.br\/noticia\/wp-json\/wp\/v2\/tags?post=508"}],"curies":[{"name":"wp","href":"https:\/\/api.w.org\/{rel}","templated":true}]}}