{"id":5095,"date":"2009-07-10T18:10:51","date_gmt":"2009-07-10T22:10:51","guid":{"rendered":"http:\/\/www.redenoticia.com.br\/noticia\/?p=5095"},"modified":"2009-07-10T18:10:51","modified_gmt":"2009-07-10T22:10:51","slug":"mortos-no-brasil-decorrentes-da-gripe-suina-h1n1-e-menor-que-media-mundial","status":"publish","type":"post","link":"https:\/\/migracao.redenoticia.com.br\/noticia\/2009\/mortos-no-brasil-decorrentes-da-gripe-suina-h1n1-e-menor-que-media-mundial\/5095","title":{"rendered":"Mortos no Brasil decorrentes da Gripe Su\u00edna (H1N1) \u00e9 menor que m\u00e9dia mundial"},"content":{"rendered":"<p>O Minist\u00e9rio da Sa\u00fade informa que foi notificado, nesta sexta-feira (10), da morte de um paciente infectado pelo novo v\u00edrus influenza A (H1N1), em S\u00e3o Paulo. Este \u00e9 o segundo \u00f3bito registrado no pa\u00eds em conseq\u00fc\u00eancia da nova gripe. Trata-se de uma crian\u00e7a de 11 anos, que morreu no \u00faltimo dia 30 de junho, em um hospital privado, dois dias ap\u00f3s o in\u00edcio de sintomas.<\/p>\n<p>As vigil\u00e2ncias epidemiol\u00f3gicas do estado e do munic\u00edpio est\u00e3o investigando os contatos da crian\u00e7a e da fam\u00edlia para encontrar poss\u00edveis v\u00ednculos com pacientes vindos do exterior ou com pessoas sintom\u00e1ticas de gripe.<\/p>\n<p>O Minist\u00e9rio lamenta a ocorr\u00eancia do segundo \u00f3bito e reitera que todas as medidas v\u00eam sendo tomadas, em parceria com estados e munic\u00edpios, para diminuir a dissemina\u00e7\u00e3o da doen\u00e7a e oferecer tratamento \u00e1gil em sua rede p\u00fablica a todos que necessitem.<\/p>\n<p>\u00c9 importante ressaltar que a maioria absoluta das pessoas infectadas pela nova gripe manifesta sintomas leves, parecidos com os da gripe comum, e se recupera rapidamente. A letalidade m\u00e9dia da nova gripe no mundo (0,45%) \u00e9 igual \u00e0 da gripe sazonal. No Brasil, esta taxa, no momento, \u00e9 bem inferior \u00e0 m\u00e9dia mundial.<\/p>\n<p>MINISTERIO DA SAUDE<\/p>\n","protected":false},"excerpt":{"rendered":"<p>O Minist\u00e9rio da Sa\u00fade informa que foi notificado, nesta sexta-feira (10), da morte de um paciente infectado pelo novo v\u00edrus influenza A (H1N1), em S\u00e3o Paulo. Este \u00e9 o segundo \u00f3bito registrado no pa\u00eds em conseq\u00fc\u00eancia da nova gripe. Trata-se de uma crian\u00e7a de 11 anos, que morreu no \u00faltimo dia 30 de junho, em [&hellip;]<\/p>\n","protected":false},"author":3,"featured_media":0,"comment_status":"open","ping_status":"open","sticky":false,"template":"","format":"standard","meta":{"tdm_status":"","tdm_grid_status":"","footnotes":""},"categories":[22,5],"tags":[],"class_list":{"0":"post-5095","1":"post","2":"type-post","3":"status-publish","4":"format-standard","6":"category-brasil","7":"category-saude-e-vida"},"_links":{"self":[{"href":"https:\/\/migracao.redenoticia.com.br\/noticia\/wp-json\/wp\/v2\/posts\/5095","targetHints":{"allow":["GET"]}}],"collection":[{"href":"https:\/\/migracao.redenoticia.com.br\/noticia\/wp-json\/wp\/v2\/posts"}],"about":[{"href":"https:\/\/migracao.redenoticia.com.br\/noticia\/wp-json\/wp\/v2\/types\/post"}],"author":[{"embeddable":true,"href":"https:\/\/migracao.redenoticia.com.br\/noticia\/wp-json\/wp\/v2\/users\/3"}],"replies":[{"embeddable":true,"href":"https:\/\/migracao.redenoticia.com.br\/noticia\/wp-json\/wp\/v2\/comments?post=5095"}],"version-history":[{"count":0,"href":"https:\/\/migracao.redenoticia.com.br\/noticia\/wp-json\/wp\/v2\/posts\/5095\/revisions"}],"wp:attachment":[{"href":"https:\/\/migracao.redenoticia.com.br\/noticia\/wp-json\/wp\/v2\/media?parent=5095"}],"wp:term":[{"taxonomy":"category","embeddable":true,"href":"https:\/\/migracao.redenoticia.com.br\/noticia\/wp-json\/wp\/v2\/categories?post=5095"},{"taxonomy":"post_tag","embeddable":true,"href":"https:\/\/migracao.redenoticia.com.br\/noticia\/wp-json\/wp\/v2\/tags?post=5095"}],"curies":[{"name":"wp","href":"https:\/\/api.w.org\/{rel}","templated":true}]}}