{"id":513,"date":"2009-04-14T15:37:29","date_gmt":"2009-04-14T19:37:29","guid":{"rendered":"http:\/\/www.redenoticia.com.br\/noticia\/?p=513"},"modified":"2009-04-14T15:37:53","modified_gmt":"2009-04-14T19:37:53","slug":"secao-da-camara-de-ji-parana-teve-homenagem-e-desmentido","status":"publish","type":"post","link":"https:\/\/migracao.redenoticia.com.br\/noticia\/2009\/secao-da-camara-de-ji-parana-teve-homenagem-e-desmentido\/513","title":{"rendered":"Se\u00e7\u00e3o da c\u00e2mara de Ji-Paran\u00e1 teve homenagem e desmentido"},"content":{"rendered":"<p>\u00a0<\/p>\n<p><span style=\"font-family: 'Times New Roman'; font-size: small;\"><img loading=\"lazy\" decoding=\"async\" class=\"alignleft\" src=\"http:\/\/img15.imageshack.us\/img15\/3770\/mailgooglecom7150843717.jpg\" alt=\"\" width=\"320\" height=\"213\" \/>A Sess\u00e3o Ordin\u00e1ria realizada  hoje (14) na C\u00e2mara Municipal de Ji-Paran\u00e1 recebeu os representantes  da Pastoral Indigenista de Ji-Paran\u00e1, as irm\u00e3s Maristela e Rose Meire  e o Coordenador de Educa\u00e7\u00e3o Ind\u00edgena, Zacarias Gavi\u00e3o, que relataram  os trabalhos desenvolvidos pela pastoral e expuseram aos vereadores  os principais anseios da comunidade ind\u00edgena local. <\/span><\/p>\n<p><span style=\"font-family: 'Times New Roman'; font-size: small;\">O convite aos membros da pastoral,  feito pela vereadora M\u00e1rcia Regina, \u00e9 concernente\u00a0 \u00e0s comemora\u00e7\u00f5es  do dia do \u00cdndio que ser\u00e1 celebrado no pr\u00f3ximo dia 19.<\/span><\/p>\n<p><span style=\"font-family: 'Times New Roman'; font-size: small;\">A vereadora ressaltou que a  C\u00e2mara tem adotado uma postura de dar voz \u00e0s entidades representativas  da sociedade durante as sess\u00f5es, como forma de aproximar o Poder Legislativo  das diversas comunidades e com isso conhecer melhor suas dificuldades  e assim conseguir propor com maior propriedade as solu\u00e7\u00f5es necess\u00e1rias.<\/span><\/p>\n<p><span style=\"font-family: 'Times New Roman'; font-size: small;\">Para a representante da Pastoral,  Irm\u00e3 Rose Meire, uma das lutas das comunidades ind\u00edgenas \u00e9 ter acesso  a educa\u00e7\u00e3o de qualidade para que os povos das diversas etnias participem  de forma mais pr\u00f3xima e ativa da elabora\u00e7\u00e3o das pol\u00edticas p\u00fablicas.<\/span><\/p>\n<p><span style=\"font-family: 'Times New Roman'; font-size: small;\">Zacarias Gavi\u00e3o, coordenador  de educa\u00e7\u00e3o ind\u00edgena, afirmou que al\u00e9m da valoriza\u00e7\u00e3o da arte  e cultura ind\u00edgena \u00e9 necess\u00e1rio que a popula\u00e7\u00e3o ind\u00edgena tamb\u00e9m  conhe\u00e7a as tradi\u00e7\u00f5es dos outros povos para que haja compreens\u00e3o  e respeito mutuo. \u201cTemos que conviver com a nossa cultura e com as  outras culturas sociais. E s\u00f3 teremos compreens\u00e3o dessas culturas  com conhecimento. Hoje a maioria dos \u00edndios n\u00e3o conhecem sequer a  L\u00edngua Portuguesa e essa \u00e9 uma grande barreira a ser vencida\u201d, desabafou  Gavi\u00e3o.<\/span><\/p>\n<p><span style=\"font-family: 'Times New Roman'; font-size: small;\">A vereadora M\u00e1rcia Regina  ao agradecer a vinda dos representantes refor\u00e7ou o compromisso da C\u00e2mara  de Vereadores em lutar para que sempre seja respeitado os direitos constitucionais  dos povos ind\u00edgenas e por melhor qualidade de vida das comunidades.\u00a0<\/span><\/p>\n<p><span style=\"font-family: 'Times New Roman'; font-size: small;\">Antes das homenagens o vereador\u00a0Clecius Modesto dirigiu-se aos microfones para desmentir not\u00edcias sobre o a divulga\u00e7\u00e3o dos trabalhos da casa e o fez de uma maneira descontraida e confusa, obrigando a interven\u00e7\u00e3o do presidente, vereador\u00a0Nilton Cezar, para clarear o assunto.\u00a0<\/span><\/p>\n","protected":false},"excerpt":{"rendered":"<p>\u00a0 A Sess\u00e3o Ordin\u00e1ria realizada hoje (14) na C\u00e2mara Municipal de Ji-Paran\u00e1 recebeu os representantes da Pastoral Indigenista de Ji-Paran\u00e1, as irm\u00e3s Maristela e Rose Meire e o Coordenador de Educa\u00e7\u00e3o Ind\u00edgena, Zacarias Gavi\u00e3o, que relataram os trabalhos desenvolvidos pela pastoral e expuseram aos vereadores os principais anseios da comunidade ind\u00edgena local. O convite aos [&hellip;]<\/p>\n","protected":false},"author":2,"featured_media":0,"comment_status":"open","ping_status":"open","sticky":false,"template":"","format":"standard","meta":{"tdm_status":"","tdm_grid_status":"","footnotes":""},"categories":[22],"tags":[],"class_list":{"0":"post-513","1":"post","2":"type-post","3":"status-publish","4":"format-standard","6":"category-brasil"},"_links":{"self":[{"href":"https:\/\/migracao.redenoticia.com.br\/noticia\/wp-json\/wp\/v2\/posts\/513","targetHints":{"allow":["GET"]}}],"collection":[{"href":"https:\/\/migracao.redenoticia.com.br\/noticia\/wp-json\/wp\/v2\/posts"}],"about":[{"href":"https:\/\/migracao.redenoticia.com.br\/noticia\/wp-json\/wp\/v2\/types\/post"}],"author":[{"embeddable":true,"href":"https:\/\/migracao.redenoticia.com.br\/noticia\/wp-json\/wp\/v2\/users\/2"}],"replies":[{"embeddable":true,"href":"https:\/\/migracao.redenoticia.com.br\/noticia\/wp-json\/wp\/v2\/comments?post=513"}],"version-history":[{"count":0,"href":"https:\/\/migracao.redenoticia.com.br\/noticia\/wp-json\/wp\/v2\/posts\/513\/revisions"}],"wp:attachment":[{"href":"https:\/\/migracao.redenoticia.com.br\/noticia\/wp-json\/wp\/v2\/media?parent=513"}],"wp:term":[{"taxonomy":"category","embeddable":true,"href":"https:\/\/migracao.redenoticia.com.br\/noticia\/wp-json\/wp\/v2\/categories?post=513"},{"taxonomy":"post_tag","embeddable":true,"href":"https:\/\/migracao.redenoticia.com.br\/noticia\/wp-json\/wp\/v2\/tags?post=513"}],"curies":[{"name":"wp","href":"https:\/\/api.w.org\/{rel}","templated":true}]}}