{"id":5132,"date":"2009-07-11T13:57:52","date_gmt":"2009-07-11T17:57:52","guid":{"rendered":"http:\/\/www.redenoticia.com.br\/noticia\/?p=5132"},"modified":"2009-07-11T13:57:52","modified_gmt":"2009-07-11T17:57:52","slug":"balanca-comercial-de-ji-parana-foi-3425-no-primeiro-semestre-2009","status":"publish","type":"post","link":"https:\/\/migracao.redenoticia.com.br\/noticia\/2009\/balanca-comercial-de-ji-parana-foi-3425-no-primeiro-semestre-2009\/5132","title":{"rendered":"Balan\u00e7a comercial de Ji-Paran\u00e1 foi  &#8211; 34,25% no primeiro semestre 2009"},"content":{"rendered":"<p>O relat\u00f3rio publicado pelo MDIC com os n\u00fameros da balan\u00e7a comercial de Ji-Paran\u00e1 indica que o munic\u00edpio exportou US$ FOB 6.339.921, no primeiro semestre de 2009, contra US$ FOB 9.643.079 no primeiro semestre de 2008 (varia\u00e7\u00e3o de <strong>-34,25<\/strong>%).<\/p>\n<p>A principal retra\u00e7\u00e3o foi do segmento madeireiro e a inexist\u00eancia de exporta\u00e7\u00e3o de arroz.<\/p>\n<p>A boa not\u00edcia foi o in\u00edcio da exporta\u00e7\u00e3o das carnes e derivados e o aumento de 99,54% nas exporta\u00e7\u00f5es dos granitos trabalhados.<\/p>\n<p>Os dados da performance dos munic\u00edpios brasileiros da balan\u00e7a comercial em junho de 2009 e, conseq\u00fcentemente, do primeiro semestre do ano est\u00e3o dispon\u00edveis no site do MDIC. A publica\u00e7\u00e3o apresenta informa\u00e7\u00f5es detalhadas com os valores e volumes exportados e importados por cada uma das cidades brasileiras que operam exporta\u00e7\u00f5es e importa\u00e7\u00f5es no per\u00edodo. <a href=\"http:\/\/www.desenvolvimento.gov.br\/sitio\/sistema\/balanca\/\" target=\"_blank\">Clique aqui e acesse os dados.<\/a><\/p>\n<p>Os dados dos Estados da Regi\u00e3o Norte tamb\u00e9m est\u00e3o dispon\u00edveis. As exporta\u00e7\u00f5es do Tocantins \u2013 US$ 153,9 milh\u00f5es \u2013 foram 4,4% maior que os valores registrados de janeiro a junho de 2008 (US$ 147,4 milh\u00f5es). No total, os embarques de produtos da Regi\u00e3o Norte somaram US$ 4,808 bilh\u00f5es, desempenho 15,2% menor que o verificado nos primeiros seis meses de 2008. As exporta\u00e7\u00f5es do Par\u00e1 totalizaram US$ 3,968 bilh\u00f5es (-11,4%), as do Amazonas US$ 375,3 milh\u00f5es (-34,9%) e as de Rond\u00f4nia US$ 203,7 milh\u00f5es (-41,3%).<\/p>\n<p><a href=\"http:\/\/www.redenoticia.com.br\">Rede Not\u00edcia<\/a><\/p>\n","protected":false},"excerpt":{"rendered":"<p>O relat\u00f3rio publicado pelo MDIC com os n\u00fameros da balan\u00e7a comercial de Ji-Paran\u00e1 indica que o munic\u00edpio exportou US$ FOB 6.339.921, no primeiro semestre de 2009, contra US$ FOB 9.643.079 no primeiro semestre de 2008 (varia\u00e7\u00e3o de -34,25%). A principal retra\u00e7\u00e3o foi do segmento madeireiro e a inexist\u00eancia de exporta\u00e7\u00e3o de arroz. A boa not\u00edcia [&hellip;]<\/p>\n","protected":false},"author":3,"featured_media":0,"comment_status":"open","ping_status":"open","sticky":false,"template":"","format":"standard","meta":{"tdm_status":"","tdm_grid_status":"","footnotes":""},"categories":[22,7],"tags":[],"class_list":{"0":"post-5132","1":"post","2":"type-post","3":"status-publish","4":"format-standard","6":"category-brasil","7":"category-economia"},"_links":{"self":[{"href":"https:\/\/migracao.redenoticia.com.br\/noticia\/wp-json\/wp\/v2\/posts\/5132","targetHints":{"allow":["GET"]}}],"collection":[{"href":"https:\/\/migracao.redenoticia.com.br\/noticia\/wp-json\/wp\/v2\/posts"}],"about":[{"href":"https:\/\/migracao.redenoticia.com.br\/noticia\/wp-json\/wp\/v2\/types\/post"}],"author":[{"embeddable":true,"href":"https:\/\/migracao.redenoticia.com.br\/noticia\/wp-json\/wp\/v2\/users\/3"}],"replies":[{"embeddable":true,"href":"https:\/\/migracao.redenoticia.com.br\/noticia\/wp-json\/wp\/v2\/comments?post=5132"}],"version-history":[{"count":0,"href":"https:\/\/migracao.redenoticia.com.br\/noticia\/wp-json\/wp\/v2\/posts\/5132\/revisions"}],"wp:attachment":[{"href":"https:\/\/migracao.redenoticia.com.br\/noticia\/wp-json\/wp\/v2\/media?parent=5132"}],"wp:term":[{"taxonomy":"category","embeddable":true,"href":"https:\/\/migracao.redenoticia.com.br\/noticia\/wp-json\/wp\/v2\/categories?post=5132"},{"taxonomy":"post_tag","embeddable":true,"href":"https:\/\/migracao.redenoticia.com.br\/noticia\/wp-json\/wp\/v2\/tags?post=5132"}],"curies":[{"name":"wp","href":"https:\/\/api.w.org\/{rel}","templated":true}]}}