{"id":5135,"date":"2009-07-11T14:24:53","date_gmt":"2009-07-11T18:24:53","guid":{"rendered":"http:\/\/www.redenoticia.com.br\/noticia\/?p=5135"},"modified":"2009-07-11T22:47:41","modified_gmt":"2009-07-12T02:47:41","slug":"receita-federal-e-sebrae-assinam-convenio-do-mei","status":"publish","type":"post","link":"https:\/\/migracao.redenoticia.com.br\/noticia\/2009\/receita-federal-e-sebrae-assinam-convenio-do-mei\/5135","title":{"rendered":"Receita Federal e Sebrae assinam conv\u00eanio do MEI"},"content":{"rendered":"<p style=\"margin: 5pt 7.5pt;\"><span style=\"font-size: 11pt; font-family: Arial;\">A Secretaria da Receita Federal do Brasil \u2013 RFB e o SEBRAE celebraram conv\u00eanio visando promover a\u00e7\u00f5es conjuntas para consolidar a implanta\u00e7\u00e3o das diretrizes do Estatuto Nacional das Microempresas e Empresas de Pequeno Porte. <\/span><span style=\"font-size: 11pt;\"> <\/span><\/p>\n<p style=\"margin: 5pt 7.5pt;\"><span style=\"font-size: 11pt; font-family: Arial;\">O conv\u00eanio prev\u00ea o apoio ao desenvolvimento de sistemas informatizados para a RFB, principalmente para o Cadastro Sincronizado Nacional, para a Rede Nacional, para a Simplifica\u00e7\u00e3o do Registro e da Legaliza\u00e7\u00e3o de Empresas e Neg\u00f3cios (REDESIM) e para o Microempreendedor Individual (MEI). <\/span><span style=\"font-size: 11pt;\"> <\/span><\/p>\n<p style=\"margin: 5pt 7.5pt;\"><span style=\"font-size: 11pt; font-family: Arial;\">Outro objetivo do conv\u00eanio \u00e9 incentivar as Microempresas e as Empresas de Pequeno Porte a utilizarem, no relacionamento com a RFB, o recurso da certifica\u00e7\u00e3o digital. <\/span><span style=\"font-size: 11pt;\"> <\/span><\/p>\n<p style=\"margin: 5pt 7.5pt;\"><span style=\"font-size: 11pt; font-family: Arial;\">O acompanhamento e a fiscaliza\u00e7\u00e3o do acordo no \u00e2mbito da Receita ser\u00e3o realizados pelo Coordenador-Geral de Tecnologia da Informa\u00e7\u00e3o e pelo Coordenador-Geral de Gest\u00e3o de Cadastro. O conv\u00eanio tem vig\u00eancia por prazo indeterminado.<\/span><\/p>\n<p style=\"margin: 5pt 7.5pt;\"><strong><span style=\"font-size: 11pt; font-family: Arial;\">Fonte:<\/span><\/strong><span style=\"font-size: 11pt; font-family: Arial;\"> Secretaria da Receita Federal do Brasil &#8211; SRFB<\/span><span style=\"font-size: 11pt;\"> <\/span><\/p>\n","protected":false},"excerpt":{"rendered":"<p>A Secretaria da Receita Federal do Brasil \u2013 RFB e o SEBRAE celebraram conv\u00eanio visando promover a\u00e7\u00f5es conjuntas para consolidar a implanta\u00e7\u00e3o das diretrizes do Estatuto Nacional das Microempresas e Empresas de Pequeno Porte. O conv\u00eanio prev\u00ea o apoio ao desenvolvimento de sistemas informatizados para a RFB, principalmente para o Cadastro Sincronizado Nacional, para a [&hellip;]<\/p>\n","protected":false},"author":3,"featured_media":0,"comment_status":"open","ping_status":"open","sticky":false,"template":"","format":"standard","meta":{"tdm_status":"","tdm_grid_status":"","footnotes":""},"categories":[22,7],"tags":[],"class_list":{"0":"post-5135","1":"post","2":"type-post","3":"status-publish","4":"format-standard","6":"category-brasil","7":"category-economia"},"_links":{"self":[{"href":"https:\/\/migracao.redenoticia.com.br\/noticia\/wp-json\/wp\/v2\/posts\/5135","targetHints":{"allow":["GET"]}}],"collection":[{"href":"https:\/\/migracao.redenoticia.com.br\/noticia\/wp-json\/wp\/v2\/posts"}],"about":[{"href":"https:\/\/migracao.redenoticia.com.br\/noticia\/wp-json\/wp\/v2\/types\/post"}],"author":[{"embeddable":true,"href":"https:\/\/migracao.redenoticia.com.br\/noticia\/wp-json\/wp\/v2\/users\/3"}],"replies":[{"embeddable":true,"href":"https:\/\/migracao.redenoticia.com.br\/noticia\/wp-json\/wp\/v2\/comments?post=5135"}],"version-history":[{"count":0,"href":"https:\/\/migracao.redenoticia.com.br\/noticia\/wp-json\/wp\/v2\/posts\/5135\/revisions"}],"wp:attachment":[{"href":"https:\/\/migracao.redenoticia.com.br\/noticia\/wp-json\/wp\/v2\/media?parent=5135"}],"wp:term":[{"taxonomy":"category","embeddable":true,"href":"https:\/\/migracao.redenoticia.com.br\/noticia\/wp-json\/wp\/v2\/categories?post=5135"},{"taxonomy":"post_tag","embeddable":true,"href":"https:\/\/migracao.redenoticia.com.br\/noticia\/wp-json\/wp\/v2\/tags?post=5135"}],"curies":[{"name":"wp","href":"https:\/\/api.w.org\/{rel}","templated":true}]}}