{"id":5141,"date":"2009-07-11T20:54:53","date_gmt":"2009-07-12T00:54:53","guid":{"rendered":"http:\/\/www.redenoticia.com.br\/noticia\/?p=5141"},"modified":"2009-08-24T13:23:04","modified_gmt":"2009-08-24T17:23:04","slug":"plasticas-no-brasil","status":"publish","type":"post","link":"https:\/\/migracao.redenoticia.com.br\/noticia\/2009\/plasticas-no-brasil\/5141","title":{"rendered":"Pl\u00e1sticas no Brasil"},"content":{"rendered":"<p><a href=\"https:\/\/migracao.redenoticia.com.br\/noticia\/imagens\/\/jovem1.jpg\"><img loading=\"lazy\" decoding=\"async\" class=\"alignleft size-full wp-image-5142\" title=\"jovem\" src=\"https:\/\/migracao.redenoticia.com.br\/noticia\/imagens\/\/jovem1.jpg\" alt=\"jovem\" width=\"150\" height=\"113\" \/><\/a>A procura por cirurgias pl\u00e1sticas aumentou consideravelmente nos \u00faltimos anos e atrai cada vez mais o p\u00fablico jovem. De acordo com dados da Sociedade Brasileira de Cirurgia Pl\u00e1stica (SBCP), entre setembro de 2007 e agosto de 2008, foram realizadas aproximadamente 629 mil pl\u00e1sticas est\u00e9ticas em todo pa\u00eds, todas por profissionais especializados. As pl\u00e1sticas em adolescentes &#8211; entre 14 e 18 anos &#8211; representam pelo menos 13% desse total, ou seja, mais de 100 mil jovens se submeteram a algum tipo de interven\u00e7\u00e3o est\u00e9tica no per\u00edodo analisado.<\/p>\n<p>Constatamos que na lista dos procedimentos mais procurados por este p\u00fablico est\u00e3o a rinoplastia (pl\u00e1stica de nariz), a mamoplastia redutora (diminui\u00e7\u00e3o das mamas), a mamoplastia de aumento (pr\u00f3tese de silicone), a lipoaspira\u00e7\u00e3o, a corre\u00e7\u00e3o de orelhas de abano (otoplastia) e a ginecomastia (corre\u00e7\u00e3o do volume das mamas masculinas).<\/p>\n<p>Entre os motivos que levam ao aumento da procura dos jovens pela cirurgia pl\u00e1stica est\u00e3o a valoriza\u00e7\u00e3o da est\u00e9tica, o desenvolvimento de novas t\u00e9cnicas, que faz com que a recupera\u00e7\u00e3o e o ato cir\u00fargico sejam mais seguros, e a &#8220;necessidade&#8221; que o jovem tem de se enquadrar aos padr\u00f5es est\u00e9ticos predominantes na sociedade.<\/p>\n<p>\u00c9 preciso considerar que a adolesc\u00eancia \u00e9 um per\u00edodo marcado por diversas mudan\u00e7as psicol\u00f3gicas, f\u00edsicas e comportamentais. Da\u00ed a import\u00e2ncia de se procurar o cirurgi\u00e3o pl\u00e1stico, pois ele \u00e9 capaz de detectar as reais motiva\u00e7\u00f5es que levam os jovens a procurar pela cirurgia. \u00c9 fundamental que o profissional avalie a maturidade emocional e f\u00edsica do paciente, e explique a ele todos os passos da cirurgia, assim como poss\u00edveis complica\u00e7\u00f5es que podem advir da cirurgia.<\/p>\n<p>A meu ver, essa procura dos adolescentes pela cirurgia pl\u00e1stica \u00e9 bastante salutar, desde que eles estejam esclarecidos e preparados para todos os procedimentos cir\u00fargicos que ter\u00e3o de enfrentar, como a interna\u00e7\u00e3o, a anestesia, as cicatrizes, os medicamentos, o repouso no p\u00f3s-operat\u00f3rio e os resultados esperados.<\/p>\n<p>\u00c9 importante destacar que a op\u00e7\u00e3o pela pl\u00e1stica deve ser decidida pelo paciente, juntamente com a orienta\u00e7\u00e3o do m\u00e9dico, e com o consentimento dos pais. A cirurgia deve ser procurada se esse jovem j\u00e1 n\u00e3o consegue conviver com o problema, se esse problema j\u00e1 est\u00e1 interferindo na sua autoestima ou se n\u00e3o conseguiu resolver o que o incomoda por outros meios.<\/p>\n<p>H\u00e1 casos em que a pl\u00e1stica na adolesc\u00eancia e at\u00e9 mesmo na inf\u00e2ncia se faz necess\u00e1ria, como por exemplo, quando se tem orelhas de abano, que podem ser corrigidas a partir dos sete anos de idade, que \u00e9 quando a cartilagem da orelha est\u00e1 completamente formada. J\u00e1 quando o assunto \u00e9 puramente est\u00e9tico, \u00e9 importante que o cirurgi\u00e3o pl\u00e1stico converse com os pais e principalmente com o adolescente.<\/p>\n<p>Portanto, seja para saciar o ego ou para se livrar de um trauma, o uso do bom senso continua sendo o principal aliado dos adolescentes na hora de escolher fazer uma cirurgia pl\u00e1stica.<\/p>\n","protected":false},"excerpt":{"rendered":"<p>A procura por cirurgias pl\u00e1sticas aumentou consideravelmente nos \u00faltimos anos e atrai cada vez mais o p\u00fablico jovem. De acordo com dados da Sociedade Brasileira de Cirurgia Pl\u00e1stica (SBCP), entre setembro de 2007 e agosto de 2008, foram realizadas aproximadamente 629 mil pl\u00e1sticas est\u00e9ticas em todo pa\u00eds, todas por profissionais especializados. As pl\u00e1sticas em adolescentes [&hellip;]<\/p>\n","protected":false},"author":3,"featured_media":0,"comment_status":"open","ping_status":"open","sticky":false,"template":"","format":"standard","meta":{"tdm_status":"","tdm_grid_status":"","footnotes":""},"categories":[22,5],"tags":[],"class_list":{"0":"post-5141","1":"post","2":"type-post","3":"status-publish","4":"format-standard","6":"category-brasil","7":"category-saude-e-vida"},"_links":{"self":[{"href":"https:\/\/migracao.redenoticia.com.br\/noticia\/wp-json\/wp\/v2\/posts\/5141","targetHints":{"allow":["GET"]}}],"collection":[{"href":"https:\/\/migracao.redenoticia.com.br\/noticia\/wp-json\/wp\/v2\/posts"}],"about":[{"href":"https:\/\/migracao.redenoticia.com.br\/noticia\/wp-json\/wp\/v2\/types\/post"}],"author":[{"embeddable":true,"href":"https:\/\/migracao.redenoticia.com.br\/noticia\/wp-json\/wp\/v2\/users\/3"}],"replies":[{"embeddable":true,"href":"https:\/\/migracao.redenoticia.com.br\/noticia\/wp-json\/wp\/v2\/comments?post=5141"}],"version-history":[{"count":0,"href":"https:\/\/migracao.redenoticia.com.br\/noticia\/wp-json\/wp\/v2\/posts\/5141\/revisions"}],"wp:attachment":[{"href":"https:\/\/migracao.redenoticia.com.br\/noticia\/wp-json\/wp\/v2\/media?parent=5141"}],"wp:term":[{"taxonomy":"category","embeddable":true,"href":"https:\/\/migracao.redenoticia.com.br\/noticia\/wp-json\/wp\/v2\/categories?post=5141"},{"taxonomy":"post_tag","embeddable":true,"href":"https:\/\/migracao.redenoticia.com.br\/noticia\/wp-json\/wp\/v2\/tags?post=5141"}],"curies":[{"name":"wp","href":"https:\/\/api.w.org\/{rel}","templated":true}]}}