{"id":5147,"date":"2009-07-11T21:03:50","date_gmt":"2009-07-12T01:03:50","guid":{"rendered":"http:\/\/www.redenoticia.com.br\/noticia\/?p=5147"},"modified":"2009-08-24T12:41:22","modified_gmt":"2009-08-24T16:41:22","slug":"plastica-nas-orelhas","status":"publish","type":"post","link":"https:\/\/migracao.redenoticia.com.br\/noticia\/2009\/plastica-nas-orelhas\/5147","title":{"rendered":"Pl\u00e1stica nas orelhas"},"content":{"rendered":"<p><a href=\"https:\/\/migracao.redenoticia.com.br\/noticia\/imagens\/\/face1.jpg\"><img loading=\"lazy\" decoding=\"async\" class=\"alignleft size-full wp-image-5148\" title=\"face\" src=\"https:\/\/migracao.redenoticia.com.br\/noticia\/imagens\/\/face1.jpg\" alt=\"face\" width=\"150\" height=\"113\" \/><\/a>Muitas pessoas, principalmente na idade infantil e na adolesc\u00eancia, j\u00e1 sofreram com apelidos maldosos como &#8221;Dumbo&#8221; ou &#8221;orelhudo&#8221; devido \u00e0s conhecidas &#8220;orelhas em abano&#8221;.<\/p>\n<p>Esta deformidade cong\u00eanita tem uma incid\u00eancia de, aproximadamente, 5% na popula\u00e7\u00e3o branca e, para acabar com este problema, a maioria dos pacientes busca solu\u00e7\u00f5es na medicina est\u00e9tica.<\/p>\n<p>Autoridade mundial em cirurgia pl\u00e1stica facial e otorrinol\u00f3gica, o m\u00e9dico J\u00falio St\u00e9dile, criou o m\u00e9todo &#8220;Finesse em Otoplastia&#8221;, que se baseia no estudo da din\u00e2mica dos tecidos cartilaginosos e utiliza o refinamento t\u00e9cnico para o reposicionamento instant\u00e2neo da estrutura das orelhas.<\/p>\n<p>O processo \u00e9 realizado atrav\u00e9s de incis\u00f5es e microincis\u00f5es que remodelam a curvatura exterior cartilaginosa associada ao manejo de ligamentos internos da orelha. &#8220;O adequado manejo na din\u00e2mica das convexidades das cartilagens determinam o reposicionamento imediato da orelha em rela\u00e7\u00e3o ao cr\u00e2nio&#8221;, explica St\u00e9dile.<\/p>\n<p>De acordo com o m\u00e9dico, a opera\u00e7\u00e3o dura em m\u00e9dia uma hora e a t\u00e9cnica pode ser realizada em adultos e crian\u00e7as a partir de quatro anos de idade sob anestesia local. E, quando necess\u00e1rio, associada a outras cirurgias da face. &#8220;Tamb\u00e9m pode ser aplicada \u00e0s pessoas que realizaram uma ou mais cirurgia pl\u00e1stica e n\u00e3o alcan\u00e7aram resultado satisfat\u00f3rio&#8221;.<\/p>\n<p>Entre as vantagens da op\u00e7\u00e3o por este m\u00e9todo na cirurgia pl\u00e1stica de orelhas est\u00e1 a elimina\u00e7\u00e3o total da necessidade de pontos internos, reduzindo drasticamente a recupera\u00e7\u00e3o no per\u00edodo p\u00f3s-operat\u00f3rio. Al\u00e9m disso, o paciente s\u00f3 utilizar\u00e1 a faixa de compreens\u00e3o na cabe\u00e7a por um per\u00edodo de tr\u00eas dias. &#8220;Antigamente, alguns m\u00e9todos exigiam a utiliza\u00e7\u00e3o da prote\u00e7\u00e3o por at\u00e9 30 dias&#8221;.<\/p>\n<p>Outro ponto a favor \u00e9 a suavidade nas dobras das cartilagens, o que confere um aspecto natural. &#8220;As pessoas fazem pl\u00e1sticas constantemente, mas n\u00e3o querem que isso seja vis\u00edvel&#8221;, explica St\u00e9dile, que completa: &#8220;O resultado final esperado \u00e9 aquele que parece original&#8221;.<\/p>\n<p>Em reconhecimento pelo desenvolvimento da t\u00e9cnica de Finesse em Otoplastia, J\u00falio St\u00e9dile foi agraciado com o Primeiro Pr\u00eamio da University Of Miami School of Medicine, nos Estados Unidos, e o Primeiro Pr\u00eamio no VI Congresso Latino Americano de Otorrinolaringologia e Cirurgia Pl\u00e1stica Facial, realizado em Lima, no Peru.<\/p>\n<p>Luciane Rocha Martins<br \/>\nJornalista Respons\u00e1vel<\/p>\n","protected":false},"excerpt":{"rendered":"<p>Muitas pessoas, principalmente na idade infantil e na adolesc\u00eancia, j\u00e1 sofreram com apelidos maldosos como &#8221;Dumbo&#8221; ou &#8221;orelhudo&#8221; devido \u00e0s conhecidas &#8220;orelhas em abano&#8221;. Esta deformidade cong\u00eanita tem uma incid\u00eancia de, aproximadamente, 5% na popula\u00e7\u00e3o branca e, para acabar com este problema, a maioria dos pacientes busca solu\u00e7\u00f5es na medicina est\u00e9tica. Autoridade mundial em cirurgia [&hellip;]<\/p>\n","protected":false},"author":3,"featured_media":0,"comment_status":"open","ping_status":"open","sticky":false,"template":"","format":"standard","meta":{"tdm_status":"","tdm_grid_status":"","footnotes":""},"categories":[5],"tags":[],"class_list":{"0":"post-5147","1":"post","2":"type-post","3":"status-publish","4":"format-standard","6":"category-saude-e-vida"},"_links":{"self":[{"href":"https:\/\/migracao.redenoticia.com.br\/noticia\/wp-json\/wp\/v2\/posts\/5147","targetHints":{"allow":["GET"]}}],"collection":[{"href":"https:\/\/migracao.redenoticia.com.br\/noticia\/wp-json\/wp\/v2\/posts"}],"about":[{"href":"https:\/\/migracao.redenoticia.com.br\/noticia\/wp-json\/wp\/v2\/types\/post"}],"author":[{"embeddable":true,"href":"https:\/\/migracao.redenoticia.com.br\/noticia\/wp-json\/wp\/v2\/users\/3"}],"replies":[{"embeddable":true,"href":"https:\/\/migracao.redenoticia.com.br\/noticia\/wp-json\/wp\/v2\/comments?post=5147"}],"version-history":[{"count":0,"href":"https:\/\/migracao.redenoticia.com.br\/noticia\/wp-json\/wp\/v2\/posts\/5147\/revisions"}],"wp:attachment":[{"href":"https:\/\/migracao.redenoticia.com.br\/noticia\/wp-json\/wp\/v2\/media?parent=5147"}],"wp:term":[{"taxonomy":"category","embeddable":true,"href":"https:\/\/migracao.redenoticia.com.br\/noticia\/wp-json\/wp\/v2\/categories?post=5147"},{"taxonomy":"post_tag","embeddable":true,"href":"https:\/\/migracao.redenoticia.com.br\/noticia\/wp-json\/wp\/v2\/tags?post=5147"}],"curies":[{"name":"wp","href":"https:\/\/api.w.org\/{rel}","templated":true}]}}