{"id":5155,"date":"2009-07-11T22:21:13","date_gmt":"2009-07-12T02:21:13","guid":{"rendered":"http:\/\/www.redenoticia.com.br\/noticia\/?p=5155"},"modified":"2009-07-11T22:21:13","modified_gmt":"2009-07-12T02:21:13","slug":"sensibilidade-a-luz-pode-afetar-aprendizado-escolar","status":"publish","type":"post","link":"https:\/\/migracao.redenoticia.com.br\/noticia\/2009\/sensibilidade-a-luz-pode-afetar-aprendizado-escolar\/5155","title":{"rendered":"Sensibilidade \u00e0 luz pode afetar aprendizado escolar"},"content":{"rendered":"<p><a href=\"https:\/\/migracao.redenoticia.com.br\/noticia\/imagens\/\/oculos.jpg\"><img loading=\"lazy\" decoding=\"async\" class=\"alignleft size-full wp-image-5156\" title=\"oculos\" src=\"https:\/\/migracao.redenoticia.com.br\/noticia\/imagens\/\/oculos.jpg\" alt=\"oculos\" width=\"150\" height=\"113\" \/><\/a>Sinais de desconforto ao sol e ilumina\u00e7\u00e3o artificial intensa podem revelar dificuldades nas atividades escolares, leitura, equil\u00edbrio e fala.<br \/>\nVoc\u00ea sabe como est\u00e1 o desenvolvimento escolar e pessoal do seu filho? Observar o comportamento do aluno durante os estudos e as brincadeiras \u00e9 a melhor forma de acompanhar e perceber como est\u00e1 sua evolu\u00e7\u00e3o. Segundo a oftalmologista Dra. M\u00e1rcia Guimar\u00e3es, o desconforto ao sol, a utiliza\u00e7\u00e3o de r\u00e9gua ou dedo para acompanhar as linhas de um texto, o apoio da testa com as m\u00e3os durante a leitura, a procura constante por sombra para brincar e a distra\u00e7\u00e3o no momento dos estudos s\u00e3o sinais de que as atividades n\u00e3o est\u00e3o sendo aproveitadas integralmente.<\/p>\n<p>&#8220;A exposi\u00e7\u00e3o \u00e0 luz solar ou \u00e0 luminosidade intensa em diversos ambientes, como escrit\u00f3rios, escolas e supermercados, pode provocar, em diversos indiv\u00edduos, sensa\u00e7\u00f5es de irritabilidade, ansiedade e fortes dores de cabe\u00e7a. Isso acontece porque essas pessoas ortes dores de cabe\u00e7a. e e doreos ambientes, s aproveitar:podem ser portadoras de hipersensibilidade a uma determinada freq\u00fc\u00eancia de luz, j\u00e1 que percebem a luminosidade mais forte e brilhante que as demais pessoas&#8221;, observa a m\u00e9dica.<\/p>\n<p>Quando o sistema visual est\u00e1 comprometido, o aprendizado ser\u00e1 afetado. Isso porque 85% de tudo que se aprende s\u00e3o informa\u00e7\u00f5es recebidas pela vis\u00e3o. Poss\u00edveis problemas de aprendizagem n\u00e3o s\u00e3o detectados com o exame ocular tradicional. Para detect\u00e1-los em tempo h\u00e1bil de n\u00e3o afetar o desempenho escolar, \u00e9 necess\u00e1rio fazer exames e testes mais espec\u00edficos que avaliam o processamento cerebral da vis\u00e3o. &#8220;O ideal \u00e9 que a an\u00e1lise seja feita al\u00e9m do simples exame do olho, observando todo o processo visual do indiv\u00edduo. Isso porque \u00e9 o c\u00e9rebro o respons\u00e1vel pela vis\u00e3o. O olho \u00e9 apenas a parte captadora da luz&#8221;, explica Dra. M\u00e1rcia Guimar\u00e3es.<\/p>\n<p>Nos casos em que a hipersensibilidade \u00e0 luz (tamb\u00e9m conhecida como fotofobia) chega a afetar o aprendizado, pode ser diagnosticado caso de S\u00edndrome de Irlen que, segundo a oftalmologista, afeta 20% da popula\u00e7\u00e3o. &#8220;Essa incid\u00eancia \u00e9 ainda mais elevada em portadores de d\u00e9ficits de aten\u00e7\u00e3o, dislexia, hiperatividade, entre outros problemas. Mesmo bons leitores, sem dificuldades de aprendizagem, podem ser portadores desta hipersensibilidade. Nesses casos, ela se manifesta pelas crises de enxaqueca, irritabilidade, ansiedade e redu\u00e7\u00e3o da produtividade profissional&#8221;, detalha. Fora do ambiente escolar e de escrit\u00f3rio, esses sintomas tamb\u00e9m podem aparecer em lugares com neblina, chuva, morma\u00e7o e tr\u00e2nsito, com as luzes noturnas e dos far\u00f3is, uma vez que nesses casos a claridade \u00e9 inst\u00e1vel.<\/p>\n<p>O tratamento no Hospital de Olhos Dr. Ricardo Guimar\u00e3es \u00e9 realizado por meio da utiliza\u00e7\u00e3o de filtros de absor\u00e7\u00e3o seletiva, que bloqueiam determinadas freq\u00fc\u00eancias de luz que s\u00e3o especialmente agressivas para essas pessoas. O paciente \u00e9 atendido por uma equipe multidisciplinar que envolve psic\u00f3logos, pedagogos, fonoaudi\u00f3logos e oftalmologistas para que todas as causas poss\u00edveis sejam avaliadas e exclu\u00eddas restando, assim, a op\u00e7\u00e3o bem direcionada para os filtros. &#8220;Esses filtros proporcionam maior contraste, conforto na leitura e mais concentra\u00e7\u00e3o a esses pacientes, pois agem neurologicamente reduzindo a hiperatividade cortical e o stress&#8221;, comenta.<\/p>\n<p>Um levantamento realizado pelo Hospital de Olhos Dr. Ricardo Guimar\u00e3es mostrou que, em 100 pacientes tratados com a t\u00e9cnica, 80% melhoraram muito em rela\u00e7\u00e3o ao desconforto com a luz solar e artificial; sendo que outros 13% tamb\u00e9m sentiram alguma melhora. &#8220;Com a diminui\u00e7\u00e3o dessa sensibilidade, o processamento cerebral fica mais tranquilo, possibilitando benef\u00edcios no h\u00e1bito de leitura, no equil\u00edbrio, no comportamento, na autoestima, na flu\u00eancia, na pontua\u00e7\u00e3o, na caligrafia, no tempo de execu\u00e7\u00e3o das tarefas e no desempenho escolar&#8221;, revela Dra. M\u00e1rcia. Outras mudan\u00e7as consider\u00e1veis s\u00e3o na compreens\u00e3o e na leitura, que correspondem a 90% de melhora. J\u00e1 os casos de irritabilidade e desaten\u00e7\u00e3o foram solucionados em 88% dos pacientes.<\/p>\n","protected":false},"excerpt":{"rendered":"<p>Sinais de desconforto ao sol e ilumina\u00e7\u00e3o artificial intensa podem revelar dificuldades nas atividades escolares, leitura, equil\u00edbrio e fala. Voc\u00ea sabe como est\u00e1 o desenvolvimento escolar e pessoal do seu filho? Observar o comportamento do aluno durante os estudos e as brincadeiras \u00e9 a melhor forma de acompanhar e perceber como est\u00e1 sua evolu\u00e7\u00e3o. Segundo [&hellip;]<\/p>\n","protected":false},"author":3,"featured_media":0,"comment_status":"open","ping_status":"open","sticky":false,"template":"","format":"standard","meta":{"tdm_status":"","tdm_grid_status":"","footnotes":""},"categories":[22,5],"tags":[],"class_list":{"0":"post-5155","1":"post","2":"type-post","3":"status-publish","4":"format-standard","6":"category-brasil","7":"category-saude-e-vida"},"_links":{"self":[{"href":"https:\/\/migracao.redenoticia.com.br\/noticia\/wp-json\/wp\/v2\/posts\/5155","targetHints":{"allow":["GET"]}}],"collection":[{"href":"https:\/\/migracao.redenoticia.com.br\/noticia\/wp-json\/wp\/v2\/posts"}],"about":[{"href":"https:\/\/migracao.redenoticia.com.br\/noticia\/wp-json\/wp\/v2\/types\/post"}],"author":[{"embeddable":true,"href":"https:\/\/migracao.redenoticia.com.br\/noticia\/wp-json\/wp\/v2\/users\/3"}],"replies":[{"embeddable":true,"href":"https:\/\/migracao.redenoticia.com.br\/noticia\/wp-json\/wp\/v2\/comments?post=5155"}],"version-history":[{"count":0,"href":"https:\/\/migracao.redenoticia.com.br\/noticia\/wp-json\/wp\/v2\/posts\/5155\/revisions"}],"wp:attachment":[{"href":"https:\/\/migracao.redenoticia.com.br\/noticia\/wp-json\/wp\/v2\/media?parent=5155"}],"wp:term":[{"taxonomy":"category","embeddable":true,"href":"https:\/\/migracao.redenoticia.com.br\/noticia\/wp-json\/wp\/v2\/categories?post=5155"},{"taxonomy":"post_tag","embeddable":true,"href":"https:\/\/migracao.redenoticia.com.br\/noticia\/wp-json\/wp\/v2\/tags?post=5155"}],"curies":[{"name":"wp","href":"https:\/\/api.w.org\/{rel}","templated":true}]}}