{"id":5158,"date":"2009-07-11T22:25:25","date_gmt":"2009-07-12T02:25:25","guid":{"rendered":"http:\/\/www.redenoticia.com.br\/noticia\/?p=5158"},"modified":"2009-07-11T22:25:47","modified_gmt":"2009-07-12T02:25:47","slug":"colesterol-alto","status":"publish","type":"post","link":"https:\/\/migracao.redenoticia.com.br\/noticia\/2009\/colesterol-alto\/5158","title":{"rendered":"Colesterol alto"},"content":{"rendered":"<p><a href=\"https:\/\/migracao.redenoticia.com.br\/noticia\/imagens\/\/colesterol.jpg\"><img loading=\"lazy\" decoding=\"async\" class=\"alignleft size-full wp-image-5159\" title=\"colesterol\" src=\"https:\/\/migracao.redenoticia.com.br\/noticia\/imagens\/\/colesterol.jpg\" alt=\"colesterol\" width=\"150\" height=\"113\" \/><\/a>Taxa elevada de gordura no sangue pode estar associada \u00e0 s\u00edndrome metab\u00f3lica e \u00e9 um dos fatores de risco para o desenvolvimento de disfun\u00e7\u00e3o er\u00e9til.<\/p>\n<p>A obesidade e a dislipidemia &#8211; popularmente conhecida como &#8220;colesterol alto&#8221; &#8211; s\u00e3o os principais fatores associados \u00e0 disfun\u00e7\u00e3o er\u00e9til (DE), seguidas por diabetes, hipertens\u00e3o e tabagismo. &#8220;Isso acontece porque a dislipidemia pode levar \u00e0 aterosclerose (obstru\u00e7\u00e3o arterial causada pelo colesterol ruim, o LDL), com conseq\u00fcente dificuldade de irriga\u00e7\u00e3o sang\u00fc\u00ednea na regi\u00e3o peniana&#8221;, explica o urologista Helder Machado, chefe do Servi\u00e7o de Urologia do Hospital Or\u00eancio de Freitas, em Niter\u00f3i (RJ). &#8220;Mas, antes da aterosclerose se instalar, acontece a piora da fun\u00e7\u00e3o endotelial, um quadro que leva \u00e0 disfun\u00e7\u00e3o er\u00e9til&#8221;, completa o m\u00e9dico.<\/p>\n<p>No entanto, existe solu\u00e7\u00e3o para a DE nesses casos. Um estudo recente denominado Dyslipidemia contou com 395 pacientes, todos com n\u00edveis alterados de gordura no sangue. Eles foram divididos em dois grupos: um recebeu doses de LEVITRA\u00ae (vardenafila, princ\u00edpio ativo produzido pela Bayer Schering Pharma) e outro tomou placebo, ambos por 12 semanas. Os homens que tomaram o princ\u00edpio ativo apontaram tempo de ere\u00e7\u00e3o m\u00e9dio de 10 minutos contra cerca de 3 minutos dos pacientes que receberam placebo.<\/p>\n<p>Estilo de vida e alimenta\u00e7\u00e3o no combate ao coleterol alto &#8211; Todos sabem que colesterol alto traz riscos \u00e0 sa\u00fade. E, para o homem, essas complica\u00e7\u00f5es tamb\u00e9m aumentam as chances de desenvolver disfun\u00e7\u00e3o er\u00e9til. Especialistas lembram que uma alimenta\u00e7\u00e3o saud\u00e1vel associada a exerc\u00edcios f\u00edsicos regulares \u00e9 a melhor forma para equilibrar as taxas de gordura no sangue, diminuindo o &#8220;colesterol ruim&#8221; (LDL) e aumentando os n\u00edveis do &#8220;colesterol bom&#8221; (HDL). Evitar o consumo de embutidos, carnes gordas e alimentos que contenham gordura trans e saturadas (bolachas, salgadinhos, manteiga, toucinho etc.) \u00e9 imprescind\u00edvel para o controle do colesterol. Incorporar aliados da boa dieta como peixe, azeite, frutas, linha\u00e7a e aveia no dia-a-dia conta pontos positivos para quem quer garantir uma vida mais saud\u00e1vel.<\/p>\n","protected":false},"excerpt":{"rendered":"<p>Taxa elevada de gordura no sangue pode estar associada \u00e0 s\u00edndrome metab\u00f3lica e \u00e9 um dos fatores de risco para o desenvolvimento de disfun\u00e7\u00e3o er\u00e9til. A obesidade e a dislipidemia &#8211; popularmente conhecida como &#8220;colesterol alto&#8221; &#8211; s\u00e3o os principais fatores associados \u00e0 disfun\u00e7\u00e3o er\u00e9til (DE), seguidas por diabetes, hipertens\u00e3o e tabagismo. &#8220;Isso acontece porque [&hellip;]<\/p>\n","protected":false},"author":3,"featured_media":0,"comment_status":"open","ping_status":"open","sticky":false,"template":"","format":"standard","meta":{"tdm_status":"","tdm_grid_status":"","footnotes":""},"categories":[22,5],"tags":[],"class_list":{"0":"post-5158","1":"post","2":"type-post","3":"status-publish","4":"format-standard","6":"category-brasil","7":"category-saude-e-vida"},"_links":{"self":[{"href":"https:\/\/migracao.redenoticia.com.br\/noticia\/wp-json\/wp\/v2\/posts\/5158","targetHints":{"allow":["GET"]}}],"collection":[{"href":"https:\/\/migracao.redenoticia.com.br\/noticia\/wp-json\/wp\/v2\/posts"}],"about":[{"href":"https:\/\/migracao.redenoticia.com.br\/noticia\/wp-json\/wp\/v2\/types\/post"}],"author":[{"embeddable":true,"href":"https:\/\/migracao.redenoticia.com.br\/noticia\/wp-json\/wp\/v2\/users\/3"}],"replies":[{"embeddable":true,"href":"https:\/\/migracao.redenoticia.com.br\/noticia\/wp-json\/wp\/v2\/comments?post=5158"}],"version-history":[{"count":0,"href":"https:\/\/migracao.redenoticia.com.br\/noticia\/wp-json\/wp\/v2\/posts\/5158\/revisions"}],"wp:attachment":[{"href":"https:\/\/migracao.redenoticia.com.br\/noticia\/wp-json\/wp\/v2\/media?parent=5158"}],"wp:term":[{"taxonomy":"category","embeddable":true,"href":"https:\/\/migracao.redenoticia.com.br\/noticia\/wp-json\/wp\/v2\/categories?post=5158"},{"taxonomy":"post_tag","embeddable":true,"href":"https:\/\/migracao.redenoticia.com.br\/noticia\/wp-json\/wp\/v2\/tags?post=5158"}],"curies":[{"name":"wp","href":"https:\/\/api.w.org\/{rel}","templated":true}]}}