{"id":517,"date":"2009-04-14T16:56:57","date_gmt":"2009-04-14T20:56:57","guid":{"rendered":"http:\/\/www.redenoticia.com.br\/noticia\/2009\/04\/senadores-de-rondonia-apresentam-3%c2%aa-melhor-atuacao-do-pais\/"},"modified":"2009-04-14T18:39:42","modified_gmt":"2009-04-14T22:39:42","slug":"senadores-de-rondonia-apresentam-3%c2%aa-melhor-atuacao-do-pais","status":"publish","type":"post","link":"https:\/\/migracao.redenoticia.com.br\/noticia\/2009\/senadores-de-rondonia-apresentam-3%c2%aa-melhor-atuacao-do-pais\/517","title":{"rendered":"Senadores de Rond\u00f4nia apresentam 3\u00aa melhor atua\u00e7\u00e3o do Pa\u00eds"},"content":{"rendered":"<p><img loading=\"lazy\" decoding=\"async\" class=\"alignleft\" src=\"http:\/\/farm4.static.flickr.com\/3220\/2772685284_24dd6dddf5_m.jpg\" alt=\"\" width=\"240\" height=\"180\" \/>Em 28\/03\/09 o portal Transpar\u00eancia Brasil atualizou e disponibilizou relat\u00f3rio sobre a atua\u00e7\u00e3o dos Senadores com rela\u00e7\u00e3o aos projetos de leis apresentados para an\u00e1lise e aprova\u00e7\u00e3o da casa.<\/p>\n<p style=\"MARGIN: 0cm 0cm 0pt\">\n<p style=\"MARGIN: 0cm 0cm 0pt\">As mat\u00e9rias legislativas s\u00e3o classificadas pela Transpar\u00eancia Brasil em diversas categorias tem\u00e1ticas. Tais categorias, por sua vez, s\u00e3o divididas em duas classes: com impacto e com pouco ou nenhum impacto.<\/p>\n<p style=\"MARGIN: 0cm 0cm 0pt\">\n<p style=\"MARGIN: 0cm 0cm 0pt\">As categorias com baixo impacto s\u00e3o: Homenagens a pessoas e institui\u00e7\u00f5es; Batismos de logradouros, salas etc.; Simbologia; Cidades-s\u00edmbolo, Cidades-irm\u00e3s; Pedidos de convoca\u00e7\u00e3o de sess\u00f5es solenes e especiais; e Datas comemorativas.<\/p>\n<p style=\"MARGIN: 0cm 0cm 0pt\">\n<p style=\"MARGIN: 0cm 0cm 0pt\">Classificar um projeto como dotado de impacto n\u00e3o significa julg\u00e1-lo merit\u00f3rio, mas apenas que, se aprovado, teria conseq\u00fc\u00eancias concretas sobre a comunidade.<\/p>\n<p style=\"MARGIN: 0cm 0cm 0pt\">\n<p style=\"MARGIN: 0cm 0cm 0pt\">Na divis\u00e3o da qualidade por estados, os senadores do Rio Grande do Sul s\u00e3o os que mais prop\u00f5em leis de impacto positivo: 372. Em seguida aparecem as bancadas do Paran\u00e1 (162) e Rond\u00f4nia (161).<\/p>\n<h5 style=\"MARGIN: auto 0cm\">Das 161 propostas, a Senadora F\u00e1tima Cleide apresentou 14 e conseguiu duas aprova\u00e7\u00f5es:<\/h5>\n<h5 style=\"MARGIN: auto 0cm auto 36pt; TEXT-INDENT: -18pt; mso-list: l1 level1 lfo1; tab-stops: list 36.0pt\">\u00b7 Agentes P\u00fablicos <a href=\"javascript:chamaProjetoLei('222199')\">PLS 507\/2003<\/a> &#8211; Aprovado Modifica o artigo 61 da Lei n\u00ba 9394, de 20 de dezembro de 1996, com a finalidade de discriminar as categorias de trabalhadores que se devem considerar profissionais da educa\u00e7\u00e3o.<\/h5>\n<h5 style=\"MARGIN: auto 0cm auto 36pt; TEXT-INDENT: -18pt; mso-list: l1 level1 lfo1; tab-stops: list 36.0pt\">\u00b7 Cultura <a href=\"javascript:chamaProjetoLei('222244')\">PLS 283\/2004<\/a> &#8211; Aprovado Disp\u00f5e sobre a cria\u00e7\u00e3o do Dia Nacional do Teatro para a Inf\u00e2ncia e Juventude.<\/h5>\n<h5 style=\"MARGIN: auto 0cm\">O Senador Valdir Raupp apresentou 56 propostas e obteve 3 aprova\u00e7\u00f5es:<\/h5>\n<h5 style=\"MARGIN: 0cm 0cm 0pt 36pt; TEXT-INDENT: -18pt; mso-list: l0 level1 lfo2; tab-stops: list 36.0pt\">\u00b7 Educa\u00e7\u00e3o <a href=\"javascript:chamaProjetoLei('222285')\">PLS 210\/2005<\/a> &#8211; Aprovado Autoriza a cria\u00e7\u00e3o da Universidade Federal Rural de Rond\u00f4nia.<\/h5>\n<p style=\"MARGIN: 0cm 0cm 0pt 36pt; TEXT-INDENT: -18pt; mso-list: l0 level1 lfo2; tab-stops: list 36.0pt\">\u00b7 Educa\u00e7\u00e3o <a href=\"javascript:chamaProjetoLei('222317')\">PLS 88\/2006<\/a> &#8211; Aprovado Altera o \u00a7 4\u00ba do art. 7\u00ba da Lei n\u00ba 11.096, de 13 de janeiro de 2005, que instituiu o Programa Universidade para Todos (PROUNI), para dispor sobre a desvincula\u00e7\u00e3o dos cursos com desempenho insuficiente no Sistema Nacional de Avalia\u00e7\u00e3o da Educa\u00e7\u00e3o Superior (SINAES).<\/p>\n<p style=\"MARGIN: 0cm 0cm 0pt 36pt; TEXT-INDENT: -18pt; mso-list: l0 level1 lfo2; tab-stops: list 36.0pt\">\u00b7 Regula\u00e7\u00e3o Pol\u00edtica <a href=\"javascript:chamaProjetoLei('222234')\">PLS 207\/2004<\/a> &#8211; Aprovado Altera a Lei n\u00ba 4.737, de 15 de julho de 1965 &#8211; C\u00f3digo Eleitoral, para disciplinar o voto do eleitor que se encontrar fora de seu domic\u00edlio eleitoral.<\/p>\n<p>O Senador Expedito Junior apresentou 91 propostas e ainda n\u00e3o obteve nenhuma aprova\u00e7\u00e3o.<\/p>\n<p>foto atua\u00e7\u00e3osenadorescapa e atua\u00e7\u00e3osenadores<\/p>\n<p><img loading=\"lazy\" decoding=\"async\" class=\"aligncenter\" src=\"http:\/\/img230.imageshack.us\/img230\/762\/atuaosenadores.jpg\" alt=\"\" width=\"468\" height=\"167\" \/><\/p>\n","protected":false},"excerpt":{"rendered":"<p>Em 28\/03\/09 o portal Transpar\u00eancia Brasil atualizou e disponibilizou relat\u00f3rio sobre a atua\u00e7\u00e3o dos Senadores com rela\u00e7\u00e3o aos projetos de leis apresentados para an\u00e1lise e aprova\u00e7\u00e3o da casa. As mat\u00e9rias legislativas s\u00e3o classificadas pela Transpar\u00eancia Brasil em diversas categorias tem\u00e1ticas. Tais categorias, por sua vez, s\u00e3o divididas em duas classes: com impacto e com pouco [&hellip;]<\/p>\n","protected":false},"author":2,"featured_media":0,"comment_status":"open","ping_status":"open","sticky":false,"template":"","format":"standard","meta":{"tdm_status":"","tdm_grid_status":"","footnotes":""},"categories":[22],"tags":[],"class_list":{"0":"post-517","1":"post","2":"type-post","3":"status-publish","4":"format-standard","6":"category-brasil"},"_links":{"self":[{"href":"https:\/\/migracao.redenoticia.com.br\/noticia\/wp-json\/wp\/v2\/posts\/517","targetHints":{"allow":["GET"]}}],"collection":[{"href":"https:\/\/migracao.redenoticia.com.br\/noticia\/wp-json\/wp\/v2\/posts"}],"about":[{"href":"https:\/\/migracao.redenoticia.com.br\/noticia\/wp-json\/wp\/v2\/types\/post"}],"author":[{"embeddable":true,"href":"https:\/\/migracao.redenoticia.com.br\/noticia\/wp-json\/wp\/v2\/users\/2"}],"replies":[{"embeddable":true,"href":"https:\/\/migracao.redenoticia.com.br\/noticia\/wp-json\/wp\/v2\/comments?post=517"}],"version-history":[{"count":0,"href":"https:\/\/migracao.redenoticia.com.br\/noticia\/wp-json\/wp\/v2\/posts\/517\/revisions"}],"wp:attachment":[{"href":"https:\/\/migracao.redenoticia.com.br\/noticia\/wp-json\/wp\/v2\/media?parent=517"}],"wp:term":[{"taxonomy":"category","embeddable":true,"href":"https:\/\/migracao.redenoticia.com.br\/noticia\/wp-json\/wp\/v2\/categories?post=517"},{"taxonomy":"post_tag","embeddable":true,"href":"https:\/\/migracao.redenoticia.com.br\/noticia\/wp-json\/wp\/v2\/tags?post=517"}],"curies":[{"name":"wp","href":"https:\/\/api.w.org\/{rel}","templated":true}]}}