{"id":5171,"date":"2009-07-11T22:42:05","date_gmt":"2009-07-12T02:42:05","guid":{"rendered":"http:\/\/www.redenoticia.com.br\/noticia\/?p=5171"},"modified":"2009-07-11T22:42:05","modified_gmt":"2009-07-12T02:42:05","slug":"cabeleireiro-marcos-vianna-responde-a-duvidas-e-mitos-sobre-hidratacao-dos-cabelos","status":"publish","type":"post","link":"https:\/\/migracao.redenoticia.com.br\/noticia\/2009\/cabeleireiro-marcos-vianna-responde-a-duvidas-e-mitos-sobre-hidratacao-dos-cabelos\/5171","title":{"rendered":"Cabeleireiro Marcos Vianna responde a d\u00favidas e mitos sobre hidrata\u00e7\u00e3o dos cabelos"},"content":{"rendered":"<p><a href=\"https:\/\/migracao.redenoticia.com.br\/noticia\/imagens\/\/hidrata.jpg\"><img loading=\"lazy\" decoding=\"async\" class=\"alignleft size-medium wp-image-5172\" title=\"hidrata\" src=\"https:\/\/migracao.redenoticia.com.br\/noticia\/imagens\/\/hidrata-249x187.jpg\" alt=\"hidrata\" width=\"249\" height=\"187\" \/><\/a>Quando utilizamos sempre o mesmo tipo de m\u00e1scara hidratante, o cabelo vicia? Como driblar esse problema? Para o cabelo n\u00e3o viciar com o produto, \u00e9 necess\u00e1rio usar um produto dentro de um pH balanceado para o cabelo humano, e com as devidas t\u00e9cnicas adequadas de lavagem e hidrata\u00e7\u00e3o. O potencial de hidrog\u00eanio &#8211; pH &#8211; \u00e9 a escala que defini a acidez e a alcalinidade de produtos e do cabelo, sendo que o pH do cabelo est\u00e1 na faixa 5.0 nesta escala. Bons produtos se preocupam em definir o seu pH dentro desta faixa, expondo e especificando no seu pr\u00f3prio r\u00f3tulo. Quando um produto est\u00e1 fora desta faixa de pH ele surte determinado efeito, por\u00e9m com o tempo desestabiliza o pH do cabelo e do couro cabeludo, da\u00ed a sensa\u00e7\u00e3o que o produto n\u00e3o est\u00e1 fazendo mais efeito. Outro aspecto que interfere \u00e9 a t\u00e9cnica de lavagem e aplica\u00e7\u00e3o dos produtos que deve ser apropriada, sem excessos e enxaguando devidamente os cabelos quaisquer que seja o processo (shampoo ou condicionador, m\u00e1scara hidratante).<br \/>\nP:Fazer hidrata\u00e7\u00e3o caseira (com m\u00e1scara hidratante) funciona?<br \/>\nR: Sim, desde que a cliente siga corretamente a orienta\u00e7\u00e3o de um bom profissional, capacitado, quanto ao produto indicado e maneira de us\u00e1-lo. Produtos comprados em perfumarias, farm\u00e1cias, mercados sem uma boa orienta\u00e7\u00e3o nem sempre trazem bons resultados, at\u00e9 porque para potencializar o efeito os sal\u00f5es disp\u00f5em de recursos e equipamento especializado para isso. O ideal \u00e9 consultar o profissional que ir\u00e1 recomendar os melhores produtos para hidratar os fios em casa.<\/p>\n<p>P:De quanto em quanto tempo deve-se hidratar os fios em casa? E no sal\u00e3o?<br \/>\nR: Todo cabelo requer hidrata\u00e7\u00e3o. Uma vez por semana, uma hidrata\u00e7\u00e3o leve em casa, para um cabelo saud\u00e1vel, \u00e9 bacana! Para cabelos danificados s\u00f3 hidratar n\u00e3o resolve, e requer uma reconstru\u00e7\u00e3o, que \u00e9 um tratamento mais profundo que rep\u00f5e a queratina &#8211; que \u00e9 o principal amino\u00e1cido de forma\u00e7\u00e3o do fio de cabelo &#8211; al\u00e9m de anti-oxidantes, \u00e1cido-graxos essenciais e hidratantes bot\u00e2nicos. Num tratamento mais profundo, como a reconstru\u00e7\u00e3o, o ideal \u00e9 come\u00e7ar o tratamento no sal\u00e3o uma vez por semana. Conforme o cabelo se recupera o intervalo ir\u00e1 aumentar para a cada dez, quinze e trinta dias. \u00c9 fundamental usar um shampoo, condicionador e leave-in espec\u00edficos para manuten\u00e7\u00e3o e otimiza\u00e7\u00e3o do tratamento.<\/p>\n<p>P: Posso trocar o condicionador pelo creme hidratante?<br \/>\nR: Sim, para determinados casos, e dependendo da qualidade do produto. Existem cabelos que precisam de um condicionamento mais hidratante. Para cabelos mais oleosos com o pH mais \u00e1cido, um condicionador espec\u00edfico \u00e9 o suficiente. Para um cabelo mais poroso, quebradi\u00e7o e com um pH mais alcalino a substitui\u00e7\u00e3o \u00e9 adequada e inclusive recomendada, trocando o condicionador por um hidratante.<\/p>\n<p>P: Abacate e Babosa hidratam realmente os fios? Por qu\u00ea? Como us\u00e1-los?<br \/>\nR: Hidratam realmente, mas n\u00e3o reconstroem ou reestruturam. Abacate e babosa cont\u00eam lip\u00eddios e hidratantes muito usados na formula\u00e7\u00e3o qu\u00edmica de diversos produtos capilares. Para um cabelo saud\u00e1vel, levemente ressecado, surtem algum resultado, se usados da seguinte forma: extraindo o sumo da babosa e misturando ao creme do abacate, e imediatamente usados para evitar a oxida\u00e7\u00e3o. \u00c9 poss\u00edvel adicionar alguma ess\u00eancia para melhorar o perfume. Mas para fios porosos, quebradi\u00e7os e com pH mais alcalino \u00e9 necess\u00e1rio aplicar queratina extra\u00edda de cabelo humano com um peso molecular apropriado, al\u00e9m de anti-oxidantes.<\/p>\n<p>P: Hidratar os fios \u00e9 a mesma coisa que repor seus nutrientes?<br \/>\nR: At\u00e9 certo ponto sim; \u00e9 feita a reposi\u00e7\u00e3o dos emolientes que hidratam os fios, mas n\u00e3o se fixam por aus\u00eancia da queratina, j\u00e1 a reconstru\u00e7\u00e3o efetivamente rep\u00f5e os nutrientes.<\/p>\n<p>P: Quanto mais tempo o hidratante ficar no cabelo, \u00e9 melhor?<br \/>\nR: N\u00e3o. At\u00e9 uma hora \u00e9 o tempo m\u00e1ximo para um bom hidratante atuar no cabelo, e depois disso n\u00e3o far\u00e1 mais efeito. \u00c9 importante a eficiente lavagem, aplica\u00e7\u00e3o e distribui\u00e7\u00e3o do produto, o enx\u00e1g\u00fce com \u00e1gua n\u00e3o muito quente e o secar com a toalha n\u00e3o agredindo o cabelo esfregando-o, mas sim apertando e apalpando o cabelo.<\/p>\n<p>P: A qu\u00edmica desidrata o fio?<br \/>\nR: Principalmente se for uma qu\u00edmica de m\u00e1 qualidade. Nem todas as formula\u00e7\u00f5es qu\u00edmicas tem protocolos para proteger e tratar os fios, diferentemente das formula\u00e7\u00f5es feitas em sal\u00e3o, espec\u00edficas para profissionais, que garantem total controle do processo. Conforme o caso os profissionais sugerem processos qu\u00edmicos como luzes, balayages e outros para fios oleosos, que podem embelezar o cabelo ao mesmo tempo que equilibram, removendo o excesso de oleosidade como resultado do processo qu\u00edmico de colora\u00e7\u00e3o.<\/p>\n<p>P: Aplicar o creme na raiz do cabelo prejudica os fios?<br \/>\nR: Sim, em sua maioria, sendo a exce\u00e7\u00e3o os couros cabeludos ressecados. N\u00e3o se deve aplicar creme na raiz do cabelo, principalmente durante o outono\/inverno, onde os dist\u00farbios do couro cabeludo s\u00e3o mais freq\u00fcentes. Cremes com alta concentra\u00e7\u00e3o de emolientes qu\u00edmicos, que s\u00e3o encontrados em produtos de qualidade inferior, para barate\u00e1-los, desestabilizam o pH do couro cabeludo, estimulando a queda e a seborr\u00e9ia. Quanto ao fio de cabelo em si, cremes com alta concentra\u00e7\u00e3o de emolientes qu\u00edmicos podem causar abertura das cut\u00edculas do fio, o que com o tempo causa o efeito inverso, ressecando ainda mais os cabelos, e at\u00e9 deixando-os quebradi\u00e7os.<\/p>\n<p>P: Toalha ou touca ajudam a hidrata\u00e7\u00e3o ficar mais potente?<br \/>\nR: Particularmente n\u00e3o recomendo toalhas quentes e \u00famidas para potencializar uma hidrata\u00e7\u00e3o pois podem remover o produto aplicado. E melhor usar uma touca t\u00e9rmica (n\u00e3o el\u00e9trica), que trabalha com o pr\u00f3prio calor da cabe\u00e7a da pessoa, o que \u00e9 o suficiente para potencializar bem a hidrata\u00e7\u00e3o.<\/p>\n","protected":false},"excerpt":{"rendered":"<p>Quando utilizamos sempre o mesmo tipo de m\u00e1scara hidratante, o cabelo vicia? Como driblar esse problema? Para o cabelo n\u00e3o viciar com o produto, \u00e9 necess\u00e1rio usar um produto dentro de um pH balanceado para o cabelo humano, e com as devidas t\u00e9cnicas adequadas de lavagem e hidrata\u00e7\u00e3o. O potencial de hidrog\u00eanio &#8211; pH &#8211; [&hellip;]<\/p>\n","protected":false},"author":3,"featured_media":0,"comment_status":"open","ping_status":"open","sticky":false,"template":"","format":"standard","meta":{"tdm_status":"","tdm_grid_status":"","footnotes":""},"categories":[22,5],"tags":[],"class_list":{"0":"post-5171","1":"post","2":"type-post","3":"status-publish","4":"format-standard","6":"category-brasil","7":"category-saude-e-vida"},"_links":{"self":[{"href":"https:\/\/migracao.redenoticia.com.br\/noticia\/wp-json\/wp\/v2\/posts\/5171","targetHints":{"allow":["GET"]}}],"collection":[{"href":"https:\/\/migracao.redenoticia.com.br\/noticia\/wp-json\/wp\/v2\/posts"}],"about":[{"href":"https:\/\/migracao.redenoticia.com.br\/noticia\/wp-json\/wp\/v2\/types\/post"}],"author":[{"embeddable":true,"href":"https:\/\/migracao.redenoticia.com.br\/noticia\/wp-json\/wp\/v2\/users\/3"}],"replies":[{"embeddable":true,"href":"https:\/\/migracao.redenoticia.com.br\/noticia\/wp-json\/wp\/v2\/comments?post=5171"}],"version-history":[{"count":0,"href":"https:\/\/migracao.redenoticia.com.br\/noticia\/wp-json\/wp\/v2\/posts\/5171\/revisions"}],"wp:attachment":[{"href":"https:\/\/migracao.redenoticia.com.br\/noticia\/wp-json\/wp\/v2\/media?parent=5171"}],"wp:term":[{"taxonomy":"category","embeddable":true,"href":"https:\/\/migracao.redenoticia.com.br\/noticia\/wp-json\/wp\/v2\/categories?post=5171"},{"taxonomy":"post_tag","embeddable":true,"href":"https:\/\/migracao.redenoticia.com.br\/noticia\/wp-json\/wp\/v2\/tags?post=5171"}],"curies":[{"name":"wp","href":"https:\/\/api.w.org\/{rel}","templated":true}]}}