{"id":5188,"date":"2009-07-12T00:17:29","date_gmt":"2009-07-12T04:17:29","guid":{"rendered":"http:\/\/www.redenoticia.com.br\/noticia\/?p=5188"},"modified":"2009-07-12T00:33:28","modified_gmt":"2009-07-12T04:33:28","slug":"formula-1-tres-pilotos-do-brasil-entre-os-dez-primeiros-na-largada-do-gp-da-alemanha-de-f-1","status":"publish","type":"post","link":"https:\/\/migracao.redenoticia.com.br\/noticia\/2009\/formula-1-tres-pilotos-do-brasil-entre-os-dez-primeiros-na-largada-do-gp-da-alemanha-de-f-1\/5188","title":{"rendered":"F\u00f3rmula 1: Tr\u00eas pilotos do Brasil entre os dez primeiros na largada do GP da Alemanha de F-1"},"content":{"rendered":"<p>A pole position na corrida da Alemanha de F\u00f3rmula 1  ficou com o australiano Mark Webber da RBR. Rubens Barrichello, que fez sua melhor volta em 1m32s3, sa\u00ed em segundo lugar e est\u00e1 satisfeito com o grid de largada do GP da Alemanha de F\u00f3rmula 1.<\/p>\n<p>Ap\u00f3s o \u00faltimo treino neste s\u00e1bado, Rubinho da equipe Brawn GP disse que a classifica\u00e7\u00e3o foi sensacional.<\/p>\n<p>Felipe Massa, da Ferrari, fez o oitavo melhor tempo e n\u00e3o est\u00e1 otimista quanto a conseguir um lugar no p\u00f3dio neste final de semana.<\/p>\n<p>Nelsinho Piquet superou seu companheiro de equipe, Fernando Alonso. Pela primeira vez ficou entre os dez primeiros e vai largar na d\u00e9cima coloca\u00e7\u00e3o.<\/p>\n<p><strong>Pontua\u00e7\u00e3o dos pilotos (11 de Julho)<\/strong><\/p>\n<p>1 J. Button (ING) 64 pts<\/p>\n<p>2 <strong>R. Barrichello (BRA) <\/strong>41 pts<\/p>\n<p>3 S. Vettel (ALE) 39 pts<\/p>\n<p>4 M. Webber (AUS) 35.5 pts<\/p>\n<p>5 J. Trulli (ITA) 21.5 pts<\/p>\n<p>6 <strong>F. Massa (BRA) <\/strong>16 pts<\/p>\n<p>7 N. Rosberg (ALE) 15.5 pts<\/p>\n<p>8 T. Glock (ALE) 13 pts<\/p>\n<p>Com 60 voltas, a corrida ser\u00e1 neste domingo, 12 de Julho, \u00e0s 09h00 no hor\u00e1rio de Bras\u00edlia.<\/p>\n","protected":false},"excerpt":{"rendered":"<p>A pole position na corrida da Alemanha de F\u00f3rmula 1 ficou com o australiano Mark Webber da RBR. Rubens Barrichello, que fez sua melhor volta em 1m32s3, sa\u00ed em segundo lugar e est\u00e1 satisfeito com o grid de largada do GP da Alemanha de F\u00f3rmula 1. Ap\u00f3s o \u00faltimo treino neste s\u00e1bado, Rubinho da equipe [&hellip;]<\/p>\n","protected":false},"author":3,"featured_media":0,"comment_status":"open","ping_status":"open","sticky":false,"template":"","format":"standard","meta":{"tdm_status":"","tdm_grid_status":"","footnotes":""},"categories":[22],"tags":[],"class_list":{"0":"post-5188","1":"post","2":"type-post","3":"status-publish","4":"format-standard","6":"category-brasil"},"_links":{"self":[{"href":"https:\/\/migracao.redenoticia.com.br\/noticia\/wp-json\/wp\/v2\/posts\/5188","targetHints":{"allow":["GET"]}}],"collection":[{"href":"https:\/\/migracao.redenoticia.com.br\/noticia\/wp-json\/wp\/v2\/posts"}],"about":[{"href":"https:\/\/migracao.redenoticia.com.br\/noticia\/wp-json\/wp\/v2\/types\/post"}],"author":[{"embeddable":true,"href":"https:\/\/migracao.redenoticia.com.br\/noticia\/wp-json\/wp\/v2\/users\/3"}],"replies":[{"embeddable":true,"href":"https:\/\/migracao.redenoticia.com.br\/noticia\/wp-json\/wp\/v2\/comments?post=5188"}],"version-history":[{"count":0,"href":"https:\/\/migracao.redenoticia.com.br\/noticia\/wp-json\/wp\/v2\/posts\/5188\/revisions"}],"wp:attachment":[{"href":"https:\/\/migracao.redenoticia.com.br\/noticia\/wp-json\/wp\/v2\/media?parent=5188"}],"wp:term":[{"taxonomy":"category","embeddable":true,"href":"https:\/\/migracao.redenoticia.com.br\/noticia\/wp-json\/wp\/v2\/categories?post=5188"},{"taxonomy":"post_tag","embeddable":true,"href":"https:\/\/migracao.redenoticia.com.br\/noticia\/wp-json\/wp\/v2\/tags?post=5188"}],"curies":[{"name":"wp","href":"https:\/\/api.w.org\/{rel}","templated":true}]}}