{"id":5200,"date":"2009-07-12T10:56:39","date_gmt":"2009-07-12T14:56:39","guid":{"rendered":"http:\/\/www.redenoticia.com.br\/noticia\/?p=5200"},"modified":"2009-07-27T02:09:58","modified_gmt":"2009-07-27T02:09:58","slug":"clima-tempo-indica-ar-seco-e-frio-na-regiao-sudeste-1207","status":"publish","type":"post","link":"https:\/\/migracao.redenoticia.com.br\/noticia\/2009\/clima-tempo-indica-ar-seco-e-frio-na-regiao-sudeste-1207\/5200","title":{"rendered":"Clima tempo indica ar seco e frio na regi\u00e3o sudeste (12\/07)"},"content":{"rendered":"<p><span style=\"font-size: 11pt; font-family: Arial;\">Depois do s\u00e1bado chuvoso, o domingo ainda amanheceu nublado na capital paulista. Mas a nebulosidade est\u00e1 diminuindo e o sol vai aparecendo cada vez mais forte. Mas continua frio. A temperatura \u00e0s 11 horas estava em torno de 13C.<\/span><\/p>\n<p><span style=\"font-size: 11pt; font-family: Arial;\">Neste domingo, uma frente fria deixa o tempo chuvoso no litoral paulista, na zona da mata mineira e no Rio de Janeiro. O sol aparece entre poucas nuvens no centro-oeste e sul paulista e no norte de Minas, onde n\u00e3o chove. No norte de S\u00e3o Paulo e no Tri\u00e2ngulo e no Sul de Minas, o c\u00e9u fica com muitas nuvens, mas chove apenas pela manh\u00e3. Na grande Belo Horizonte, no Vale do Rio Doce e no Esp\u00edrito Santo chove principalmente \u00e0 tarde e a noite.<\/span><\/p>\n<p><span style=\"font-size: 11pt; font-family: Arial;\">Na segunda-feira uma nova massa de ar seco polar avan\u00e7a sobre o Sudeste, provoca queda de temperatura e empurra as \u00e1reas de instabilidade que cobriam grande parte da Regi\u00e3o. O c\u00e9u fica nublado, com pancadas de chuva a qualquer hora do dia no Esp\u00edrito Santo. No Vale do Rio Doce e do Jequitinhonha o c\u00e9u fica nublado, mas chove fraco apenas. N\u00e3o h\u00e1 previs\u00e3o de chuva nas demais regi\u00f5es com nuvens apenas na regi\u00e3o central de Minas Gerais. H\u00e1 previs\u00e3o de geada no Sul de Minas.<\/span><\/p>\n<p><span style=\"font-size: 11pt; font-family: Arial;\">Sobre o Grupo Climatempo<\/span><\/p>\n<p><span style=\"font-size: 11pt; font-family: Arial;\">O Grupo Climatempo \u00e9 a maior empresa privada de meteorologia do pa\u00eds. Uma holding formada pela Climatempo Consultoria, Ag\u00eancia Climatempo, a TV Climatempo e a CLIMANET (Internet, servi\u00e7os de tecnologia e inform\u00e1tica). Atualmente, o Grupo Climatempo fornece conte\u00fado para os principais portais do pa\u00eds, mais de 50 retransmissoras de televis\u00e3o do Brasil, r\u00e1dios e tem cerca de mil clientes. Os dois principais segmentos atendidos s\u00e3o o de agroneg\u00f3cios e meios de comunica\u00e7\u00e3o. Al\u00e9m destes, fornece conte\u00fado meteorol\u00f3gico estrat\u00e9gico para produtoras, a ind\u00fastria eletroeletr\u00f4nica e t\u00eaxtil, com\u00e9rcio, moda e turismo, constru\u00e7\u00e3o civil, setor de energia, entre outros setores.<\/span><\/p>\n","protected":false},"excerpt":{"rendered":"<p>Depois do s\u00e1bado chuvoso, o domingo ainda amanheceu nublado na capital paulista. Mas a nebulosidade est\u00e1 diminuindo e o sol vai aparecendo cada vez mais forte. Mas continua frio. A temperatura \u00e0s 11 horas estava em torno de 13C. Neste domingo, uma frente fria deixa o tempo chuvoso no litoral paulista, na zona da mata [&hellip;]<\/p>\n","protected":false},"author":3,"featured_media":0,"comment_status":"open","ping_status":"open","sticky":false,"template":"","format":"standard","meta":{"tdm_status":"","tdm_grid_status":"","footnotes":""},"categories":[22,327],"tags":[],"class_list":{"0":"post-5200","1":"post","2":"type-post","3":"status-publish","4":"format-standard","6":"category-brasil","7":"category-clima"},"_links":{"self":[{"href":"https:\/\/migracao.redenoticia.com.br\/noticia\/wp-json\/wp\/v2\/posts\/5200","targetHints":{"allow":["GET"]}}],"collection":[{"href":"https:\/\/migracao.redenoticia.com.br\/noticia\/wp-json\/wp\/v2\/posts"}],"about":[{"href":"https:\/\/migracao.redenoticia.com.br\/noticia\/wp-json\/wp\/v2\/types\/post"}],"author":[{"embeddable":true,"href":"https:\/\/migracao.redenoticia.com.br\/noticia\/wp-json\/wp\/v2\/users\/3"}],"replies":[{"embeddable":true,"href":"https:\/\/migracao.redenoticia.com.br\/noticia\/wp-json\/wp\/v2\/comments?post=5200"}],"version-history":[{"count":0,"href":"https:\/\/migracao.redenoticia.com.br\/noticia\/wp-json\/wp\/v2\/posts\/5200\/revisions"}],"wp:attachment":[{"href":"https:\/\/migracao.redenoticia.com.br\/noticia\/wp-json\/wp\/v2\/media?parent=5200"}],"wp:term":[{"taxonomy":"category","embeddable":true,"href":"https:\/\/migracao.redenoticia.com.br\/noticia\/wp-json\/wp\/v2\/categories?post=5200"},{"taxonomy":"post_tag","embeddable":true,"href":"https:\/\/migracao.redenoticia.com.br\/noticia\/wp-json\/wp\/v2\/tags?post=5200"}],"curies":[{"name":"wp","href":"https:\/\/api.w.org\/{rel}","templated":true}]}}