{"id":5202,"date":"2009-07-12T10:57:42","date_gmt":"2009-07-12T14:57:42","guid":{"rendered":"http:\/\/www.redenoticia.com.br\/noticia\/?p=5202"},"modified":"2009-07-27T02:09:58","modified_gmt":"2009-07-27T02:09:58","slug":"clima-tempo-preve-frio-e-sol-na-regiao-sul-1207","status":"publish","type":"post","link":"https:\/\/migracao.redenoticia.com.br\/noticia\/2009\/clima-tempo-preve-frio-e-sol-na-regiao-sul-1207\/5202","title":{"rendered":"Clima tempo prev\u00ea frio e sol na regi\u00e3o sul (12\/07)"},"content":{"rendered":"<p><span style=\"font-size: 11pt; font-family: Arial;\">Como j\u00e1 era esperado, o Sul do Brasil amanheceu gelado neste domingo, com temperaturas at\u00e9 abaixo de zero grau. De acordo com o Instituto Nacional de Meteorologia, a temperatura m\u00ednima em Bom Jesus, na serra ga\u00facha, foi de 2,2C negativos. Em S\u00e3o Joaquim, na serra catarinense, a temperatura chegou a 2C abaixo de zero. No Paran\u00e1, Foz do Igua\u00e7u registrou apenas 1C.<\/span><\/p>\n<p><span style=\"font-size: 11pt; font-family: Arial;\">Neste domingo a massa de ar seco de origem polar ganha for\u00e7a e atua sobre toda a Regi\u00e3o Sul. H\u00e1 condi\u00e7\u00f5es de geada pela madrugada para o centro-oeste do Rio Grande do Sul, de Santa Catarina e o sul e oeste do Paran\u00e1. O sol predomina e faz frio o dia todo. O c\u00e9u fica com muitas nuvens no litoral.<\/span><\/p>\n<p><span style=\"font-size: 11pt; font-family: Arial;\">Na segunda-feira a massa de ar polar continua a predominar e mant\u00e9m a temperatura baixa no Sul brasileiro. O sol predomina sobre a regi\u00e3o e n\u00e3o h\u00e1 previs\u00e3o de chuva. Ainda h\u00e1 risco de geada ao amanhecer para a Campanha Ga\u00facha, centro e nordeste do Rio Grande do Sul, na Serra de Santa Catarina e no centro-sul do Paran\u00e1, inclusive em Curitiba. Ao largo do litoral uma frente fria se aproxima, mas n\u00e3o influencia o tempo na regi\u00e3o Sul.<\/span><\/p>\n<p><span style=\"font-size: 11pt; font-family: Arial;\">Sobre o Grupo Climatempo<\/span><\/p>\n<p><span style=\"font-size: 11pt; font-family: Arial;\">O Grupo Climatempo \u00e9 a maior empresa privada de meteorologia do pa\u00eds. Uma holding formada pela Climatempo Consultoria, Ag\u00eancia Climatempo, a TV Climatempo e a CLIMANET (Internet, servi\u00e7os de tecnologia e inform\u00e1tica). Atualmente, o Grupo Climatempo fornece conte\u00fado para os principais portais do pa\u00eds, mais de 50 retransmissoras de televis\u00e3o do Brasil, r\u00e1dios e tem cerca de mil clientes. Os dois principais segmentos atendidos s\u00e3o o de agroneg\u00f3cios e meios de comunica\u00e7\u00e3o. Al\u00e9m destes, fornece conte\u00fado meteorol\u00f3gico estrat\u00e9gico para produtoras, a ind\u00fastria eletroeletr\u00f4nica e t\u00eaxtil, com\u00e9rcio, moda e turismo, constru\u00e7\u00e3o civil, setor de energia, entre outros setores.<\/span><\/p>\n","protected":false},"excerpt":{"rendered":"<p>Como j\u00e1 era esperado, o Sul do Brasil amanheceu gelado neste domingo, com temperaturas at\u00e9 abaixo de zero grau. De acordo com o Instituto Nacional de Meteorologia, a temperatura m\u00ednima em Bom Jesus, na serra ga\u00facha, foi de 2,2C negativos. Em S\u00e3o Joaquim, na serra catarinense, a temperatura chegou a 2C abaixo de zero. No [&hellip;]<\/p>\n","protected":false},"author":3,"featured_media":0,"comment_status":"open","ping_status":"open","sticky":false,"template":"","format":"standard","meta":{"tdm_status":"","tdm_grid_status":"","footnotes":""},"categories":[22,327],"tags":[],"class_list":{"0":"post-5202","1":"post","2":"type-post","3":"status-publish","4":"format-standard","6":"category-brasil","7":"category-clima"},"_links":{"self":[{"href":"https:\/\/migracao.redenoticia.com.br\/noticia\/wp-json\/wp\/v2\/posts\/5202","targetHints":{"allow":["GET"]}}],"collection":[{"href":"https:\/\/migracao.redenoticia.com.br\/noticia\/wp-json\/wp\/v2\/posts"}],"about":[{"href":"https:\/\/migracao.redenoticia.com.br\/noticia\/wp-json\/wp\/v2\/types\/post"}],"author":[{"embeddable":true,"href":"https:\/\/migracao.redenoticia.com.br\/noticia\/wp-json\/wp\/v2\/users\/3"}],"replies":[{"embeddable":true,"href":"https:\/\/migracao.redenoticia.com.br\/noticia\/wp-json\/wp\/v2\/comments?post=5202"}],"version-history":[{"count":0,"href":"https:\/\/migracao.redenoticia.com.br\/noticia\/wp-json\/wp\/v2\/posts\/5202\/revisions"}],"wp:attachment":[{"href":"https:\/\/migracao.redenoticia.com.br\/noticia\/wp-json\/wp\/v2\/media?parent=5202"}],"wp:term":[{"taxonomy":"category","embeddable":true,"href":"https:\/\/migracao.redenoticia.com.br\/noticia\/wp-json\/wp\/v2\/categories?post=5202"},{"taxonomy":"post_tag","embeddable":true,"href":"https:\/\/migracao.redenoticia.com.br\/noticia\/wp-json\/wp\/v2\/tags?post=5202"}],"curies":[{"name":"wp","href":"https:\/\/api.w.org\/{rel}","templated":true}]}}