{"id":5205,"date":"2009-07-12T11:10:20","date_gmt":"2009-07-12T15:10:20","guid":{"rendered":"http:\/\/www.redenoticia.com.br\/noticia\/?p=5205"},"modified":"2009-07-27T02:09:57","modified_gmt":"2009-07-27T02:09:57","slug":"clima-tempo-preve-sol-em-ji-parana-e-na-regiao-norte","status":"publish","type":"post","link":"https:\/\/migracao.redenoticia.com.br\/noticia\/2009\/clima-tempo-preve-sol-em-ji-parana-e-na-regiao-norte\/5205","title":{"rendered":"Clima tempo prev\u00ea sol em Ji-Paran\u00e1 e na Regi\u00e3o Norte"},"content":{"rendered":"<p><span style=\"font-size: 11pt; font-family: Arial;\">Neste domingo, no Tocantins e no centro-sul do Par\u00e1, o sol ainda predomina forte com poucas nuvens no c\u00e9u. Nestas \u00e1reas o tempo continua firme, bastante seco e sem chuva. No sul do Amazonas, em Ji-Paran\u00e1 e Rond\u00f4nia o sol aparece pouco entre muitas nuvens, mas n\u00e3o h\u00e1 previs\u00e3o de chuva para essas regi\u00f5es. No Acre e no oeste do Amazonas ocorrem pancadas de chuva a qualquer hora do dia Nas demais \u00e1reas o ar quente e \u00famido provoca o aumento das nuvens e chuva passageira principalmente \u00e0 tarde.<\/span><\/p>\n<p><span style=\"font-size: 11pt; font-family: Arial;\">Na segunda-feira a massa de ar seco que age no pa\u00eds ganha for\u00e7a e avan\u00e7a sobre a regi\u00e3o Norte. O sol predomina sobre Ji-Paran\u00e1, Rond\u00f4nia, centro-sul do Par\u00e1, sudeste do Amazonas e sobre o Tocantins. Nestas \u00e1reas o tempo fica firme, ensolarado e sem previs\u00e3o de chuva. Nas demais regi\u00f5es o sol aparece entre algumas nuvens e ocorrem pancadas de chuva no final do dia.<\/span><\/p>\n<p><span style=\"font-size: 11pt; font-family: Arial;\">Sobre o Grupo Climatempo<\/span><\/p>\n<p><span style=\"font-size: 11pt; font-family: Arial;\">O Grupo Climatempo \u00e9 a maior empresa privada de meteorologia do pa\u00eds. Uma holding formada pela Climatempo Consultoria, Ag\u00eancia Climatempo, a TV Climatempo e a CLIMANET (Internet, servi\u00e7os de tecnologia e inform\u00e1tica). Atualmente, o Grupo Climatempo fornece conte\u00fado para os principais portais do pa\u00eds, mais de 50 retransmissoras de televis\u00e3o do Brasil, r\u00e1dios e tem cerca de mil clientes. Os dois principais segmentos atendidos s\u00e3o o de agroneg\u00f3cios e meios de comunica\u00e7\u00e3o. Al\u00e9m destes, fornece conte\u00fado meteorol\u00f3gico estrat\u00e9gico para produtoras, a ind\u00fastria eletroeletr\u00f4nica e t\u00eaxtil, com\u00e9rcio, moda e turismo, constru\u00e7\u00e3o civil, setor de energia, entre outros setores.<\/span><\/p>\n","protected":false},"excerpt":{"rendered":"<p>Neste domingo, no Tocantins e no centro-sul do Par\u00e1, o sol ainda predomina forte com poucas nuvens no c\u00e9u. Nestas \u00e1reas o tempo continua firme, bastante seco e sem chuva. No sul do Amazonas, em Ji-Paran\u00e1 e Rond\u00f4nia o sol aparece pouco entre muitas nuvens, mas n\u00e3o h\u00e1 previs\u00e3o de chuva para essas regi\u00f5es. No [&hellip;]<\/p>\n","protected":false},"author":3,"featured_media":0,"comment_status":"open","ping_status":"open","sticky":false,"template":"","format":"standard","meta":{"tdm_status":"","tdm_grid_status":"","footnotes":""},"categories":[22,327],"tags":[],"class_list":{"0":"post-5205","1":"post","2":"type-post","3":"status-publish","4":"format-standard","6":"category-brasil","7":"category-clima"},"_links":{"self":[{"href":"https:\/\/migracao.redenoticia.com.br\/noticia\/wp-json\/wp\/v2\/posts\/5205","targetHints":{"allow":["GET"]}}],"collection":[{"href":"https:\/\/migracao.redenoticia.com.br\/noticia\/wp-json\/wp\/v2\/posts"}],"about":[{"href":"https:\/\/migracao.redenoticia.com.br\/noticia\/wp-json\/wp\/v2\/types\/post"}],"author":[{"embeddable":true,"href":"https:\/\/migracao.redenoticia.com.br\/noticia\/wp-json\/wp\/v2\/users\/3"}],"replies":[{"embeddable":true,"href":"https:\/\/migracao.redenoticia.com.br\/noticia\/wp-json\/wp\/v2\/comments?post=5205"}],"version-history":[{"count":0,"href":"https:\/\/migracao.redenoticia.com.br\/noticia\/wp-json\/wp\/v2\/posts\/5205\/revisions"}],"wp:attachment":[{"href":"https:\/\/migracao.redenoticia.com.br\/noticia\/wp-json\/wp\/v2\/media?parent=5205"}],"wp:term":[{"taxonomy":"category","embeddable":true,"href":"https:\/\/migracao.redenoticia.com.br\/noticia\/wp-json\/wp\/v2\/categories?post=5205"},{"taxonomy":"post_tag","embeddable":true,"href":"https:\/\/migracao.redenoticia.com.br\/noticia\/wp-json\/wp\/v2\/tags?post=5205"}],"curies":[{"name":"wp","href":"https:\/\/api.w.org\/{rel}","templated":true}]}}