{"id":5215,"date":"2009-07-13T09:13:05","date_gmt":"2009-07-13T13:13:05","guid":{"rendered":"http:\/\/www.redenoticia.com.br\/noticia\/?p=5215"},"modified":"2009-08-24T12:43:48","modified_gmt":"2009-08-24T16:43:48","slug":"pernas-sem-varizes-para-o-verao","status":"publish","type":"post","link":"https:\/\/migracao.redenoticia.com.br\/noticia\/2009\/pernas-sem-varizes-para-o-verao\/5215","title":{"rendered":"Pernas sem varizes para o ver\u00e3o"},"content":{"rendered":"<p><a href=\"https:\/\/migracao.redenoticia.com.br\/noticia\/imagens\/\/varizes.png\"><img loading=\"lazy\" decoding=\"async\" class=\"alignleft size-full wp-image-7186\" title=\"varizes\" src=\"https:\/\/migracao.redenoticia.com.br\/noticia\/imagens\/\/varizes.png\" alt=\"varizes\" width=\"150\" height=\"113\" \/><\/a>Baixas temperaturas do inverno s\u00e3o ideais para cuidar da sa\u00fade e da est\u00e9tica das pernas com o m\u00e9todo espuma.\u00a0 O inverno chegou e com as baixas temperaturas as minissaias, bermudas e shorts ficam esquecidos no arm\u00e1rio. \u00c9 justamente por isso que esta \u00e9poca do ano \u00e9 ideal para cuidar da sa\u00fade e da est\u00e9tica das pernas, deixando-as livres de varizes e prontas para serem exibidas no ver\u00e3o.<\/p>\n<p>&#8220;Muitas mulheres s\u00f3 se lembram de cuidar das pernas quando chega o calor. O ideal \u00e9 observar sempre a sa\u00fade das pernas e tratar das varizes o quanto antes&#8221;, afirma o Prof. Dr. Eduardo Toledo Aguiar, cirurgi\u00e3o vascular membro da SBACV (Sociedade Brasileira de Angiologia e Cirurgia Vascular) e diretor cl\u00ednico da Spa\u00e7o Vascular.<\/p>\n<p>As varizes comprometem a beleza das pernas, provocam cansa\u00e7o e dores nas regi\u00f5es afetadas. A doen\u00e7a merece destaque, pois 35% da popula\u00e7\u00e3o brasileira sofre com varizes. Por influ\u00eancia dos horm\u00f4nios, as mulheres s\u00e3o as que mais sofrem (s\u00e3o quatro mulheres para cada homem).<\/p>\n<p>As varizes s\u00e3o classificadas em seis tipos, variando do C1 ao C6. Os vasinhos pequenos s\u00e3o considerados varizes do tipo C1. As varizes de grosso calibre ou at\u00e9 mesmo feridas provocadas por dist\u00farbios venosos est\u00e3o entre as classifica\u00e7\u00f5es C2 e C6.<\/p>\n<p>O tratamento mais indicado para eliminar as varizes \u00e9 chamado espuma. O m\u00e9todo n\u00e3o \u00e9 cir\u00fargico e pode ser realizado no consult\u00f3rio. Logo ap\u00f3s a inje\u00e7\u00e3o da espuma (com aspecto semelhante a uma espuma de barbear), a veia comprometida fica enrijecida e sens\u00edvel ao toque. O paciente pode retomar a rotina normalmente.<\/p>\n<p>A Spa\u00e7o Vascular adotou o m\u00e9todo Espuma h\u00e1 10 anos. Em 1300 casos registrados na Spa\u00e7o Vascular de S\u00e3o Paulo e do Rio de Janeiro, houve registro de apenas tr\u00eas casos de alergia ao medicamento.<\/p>\n<p>Prof. Dr. Eduardo de Toledo Aguiar<br \/>\nCirurgi\u00e3o Vascular membro da SBACV (Sociedade Brasileira de Angiologia e Cirurgia Vascular) e diretor cl\u00ednico da Spa\u00e7o Vascular.<\/p>\n","protected":false},"excerpt":{"rendered":"<p>Baixas temperaturas do inverno s\u00e3o ideais para cuidar da sa\u00fade e da est\u00e9tica das pernas com o m\u00e9todo espuma.\u00a0 O inverno chegou e com as baixas temperaturas as minissaias, bermudas e shorts ficam esquecidos no arm\u00e1rio. \u00c9 justamente por isso que esta \u00e9poca do ano \u00e9 ideal para cuidar da sa\u00fade e da est\u00e9tica das [&hellip;]<\/p>\n","protected":false},"author":3,"featured_media":0,"comment_status":"open","ping_status":"open","sticky":false,"template":"","format":"standard","meta":{"tdm_status":"","tdm_grid_status":"","footnotes":""},"categories":[22,5],"tags":[],"class_list":{"0":"post-5215","1":"post","2":"type-post","3":"status-publish","4":"format-standard","6":"category-brasil","7":"category-saude-e-vida"},"_links":{"self":[{"href":"https:\/\/migracao.redenoticia.com.br\/noticia\/wp-json\/wp\/v2\/posts\/5215","targetHints":{"allow":["GET"]}}],"collection":[{"href":"https:\/\/migracao.redenoticia.com.br\/noticia\/wp-json\/wp\/v2\/posts"}],"about":[{"href":"https:\/\/migracao.redenoticia.com.br\/noticia\/wp-json\/wp\/v2\/types\/post"}],"author":[{"embeddable":true,"href":"https:\/\/migracao.redenoticia.com.br\/noticia\/wp-json\/wp\/v2\/users\/3"}],"replies":[{"embeddable":true,"href":"https:\/\/migracao.redenoticia.com.br\/noticia\/wp-json\/wp\/v2\/comments?post=5215"}],"version-history":[{"count":0,"href":"https:\/\/migracao.redenoticia.com.br\/noticia\/wp-json\/wp\/v2\/posts\/5215\/revisions"}],"wp:attachment":[{"href":"https:\/\/migracao.redenoticia.com.br\/noticia\/wp-json\/wp\/v2\/media?parent=5215"}],"wp:term":[{"taxonomy":"category","embeddable":true,"href":"https:\/\/migracao.redenoticia.com.br\/noticia\/wp-json\/wp\/v2\/categories?post=5215"},{"taxonomy":"post_tag","embeddable":true,"href":"https:\/\/migracao.redenoticia.com.br\/noticia\/wp-json\/wp\/v2\/tags?post=5215"}],"curies":[{"name":"wp","href":"https:\/\/api.w.org\/{rel}","templated":true}]}}