{"id":5221,"date":"2009-07-13T09:21:28","date_gmt":"2009-07-13T13:21:28","guid":{"rendered":"http:\/\/www.redenoticia.com.br\/noticia\/?p=5221"},"modified":"2009-07-13T10:31:28","modified_gmt":"2009-07-13T14:31:28","slug":"internet-influencia-15-do-varejo-nacional","status":"publish","type":"post","link":"https:\/\/migracao.redenoticia.com.br\/noticia\/2009\/internet-influencia-15-do-varejo-nacional\/5221","title":{"rendered":"Internet influencia 15% do varejo nacional"},"content":{"rendered":"<p>Segundo pesquisa F\/Radar, 15% das compras de rua e shopping no Brasil passam pela rede. A quinta edi\u00e7\u00e3o do levantamento sobre internet no Brasil, realizado pela F\/Nazca com apoio operacional do Datafolha, atestou que a rede mundial de computadores vem sendo incorporada de forma cada vez mais relevante ao dia-a-dia do consumo no Pa\u00eds.<br \/>\nEntre os brasileiros com mais de 16 anos, 15% disseram ter o costume de consultar a rede antes de comprar em estabelecimentos de rua ou shoppings. Equivaleria dizer que a plataforma virtual tem impacto sobre cerca de R$ 51 bilh\u00f5es do com\u00e9rcio varejista nacional*. Daqueles que afirmaram consult\u00e1-la, 63% possuem acesso em casa, 60% navegam no site da loja e 58% assumem levar em considera\u00e7\u00e3o a opini\u00e3o de outros internautas.<\/p>\n<p>O estudo revelou ainda que 12,6% da popula\u00e7\u00e3o, 16,5 milh\u00f5es de pessoas, j\u00e1 adquiriu produto ou servi\u00e7o online e que, delas, 72% o fizeram de suas resid\u00eancias. Os dados ganham ainda mais destaque quando se leva em considera\u00e7\u00e3o o fato de que a assiduidade \u00e9 um tra\u00e7o marcante do perfil de navega\u00e7\u00e3o no Brasil: 83% dos 66 milh\u00f5es de internautas identificados pela pesquisa entram na rede pelo menos uma vez por semana e 32% a utilizam todos os dias.<\/p>\n<p>Segundo Fabio Fernandes, presidente e diretor de Cria\u00e7\u00e3o da F\/Nazca, os resultados indicam a necessidade de um novo f\u00f4lego \u00e0 democratiza\u00e7\u00e3o da internet no Pa\u00eds. &#8220;A difus\u00e3o do acesso, sobretudo dom\u00e9stico, deixou de ser um argumento meramente cultural para ganhar ainda mais relev\u00e2ncia econ\u00f4mica. Pelo nosso levantamento fica claro que internet em casa \u00e9 praticamente condi\u00e7\u00e3o tanto da compra quanto da pr\u00e9-compra \u00e0 dist\u00e2ncia&#8221;. A conex\u00e3o nos lares, no entanto, \u00e9 realidade apenas de 26% da popula\u00e7\u00e3o.<\/p>\n<p>A F\/Nazca realiza a pesquisa sobre Internet no Brasil semestralmente desde o in\u00edcio de 2007. No levantamento de mar\u00e7o deste ano foram feitas 2.117 entrevistas em todo o Pa\u00eds. A margem de erro \u00e9 de 2 pontos percentuais para mais ou para menos, dentro de um n\u00edvel de confian\u00e7a de 95%. O desenho amostral foi elaborado com base em informa\u00e7\u00f5es do Censo 2000 e estimativas 2008 do IBGE.<\/p>\n<p>*Fonte: IBGE, Pesquisa Anual do Com\u00e9rcio 2006. C\u00e1lculo sobre a receita operacional l\u00edquida do com\u00e9rcio varejista. O segmento &#8220;Combust\u00edveis&#8221;, que representou 23,9% do volume total, n\u00e3o foi considerado.<\/p>\n","protected":false},"excerpt":{"rendered":"<p>Segundo pesquisa F\/Radar, 15% das compras de rua e shopping no Brasil passam pela rede. A quinta edi\u00e7\u00e3o do levantamento sobre internet no Brasil, realizado pela F\/Nazca com apoio operacional do Datafolha, atestou que a rede mundial de computadores vem sendo incorporada de forma cada vez mais relevante ao dia-a-dia do consumo no Pa\u00eds. Entre [&hellip;]<\/p>\n","protected":false},"author":3,"featured_media":0,"comment_status":"open","ping_status":"open","sticky":false,"template":"","format":"standard","meta":{"tdm_status":"","tdm_grid_status":"","footnotes":""},"categories":[22,7],"tags":[],"class_list":{"0":"post-5221","1":"post","2":"type-post","3":"status-publish","4":"format-standard","6":"category-brasil","7":"category-economia"},"_links":{"self":[{"href":"https:\/\/migracao.redenoticia.com.br\/noticia\/wp-json\/wp\/v2\/posts\/5221","targetHints":{"allow":["GET"]}}],"collection":[{"href":"https:\/\/migracao.redenoticia.com.br\/noticia\/wp-json\/wp\/v2\/posts"}],"about":[{"href":"https:\/\/migracao.redenoticia.com.br\/noticia\/wp-json\/wp\/v2\/types\/post"}],"author":[{"embeddable":true,"href":"https:\/\/migracao.redenoticia.com.br\/noticia\/wp-json\/wp\/v2\/users\/3"}],"replies":[{"embeddable":true,"href":"https:\/\/migracao.redenoticia.com.br\/noticia\/wp-json\/wp\/v2\/comments?post=5221"}],"version-history":[{"count":0,"href":"https:\/\/migracao.redenoticia.com.br\/noticia\/wp-json\/wp\/v2\/posts\/5221\/revisions"}],"wp:attachment":[{"href":"https:\/\/migracao.redenoticia.com.br\/noticia\/wp-json\/wp\/v2\/media?parent=5221"}],"wp:term":[{"taxonomy":"category","embeddable":true,"href":"https:\/\/migracao.redenoticia.com.br\/noticia\/wp-json\/wp\/v2\/categories?post=5221"},{"taxonomy":"post_tag","embeddable":true,"href":"https:\/\/migracao.redenoticia.com.br\/noticia\/wp-json\/wp\/v2\/tags?post=5221"}],"curies":[{"name":"wp","href":"https:\/\/api.w.org\/{rel}","templated":true}]}}