{"id":5223,"date":"2009-07-13T09:24:50","date_gmt":"2009-07-13T13:24:50","guid":{"rendered":"http:\/\/www.redenoticia.com.br\/noticia\/?p=5223"},"modified":"2009-07-13T09:24:50","modified_gmt":"2009-07-13T13:24:50","slug":"previsao-do-tempo-sul-do-pais-podera-registrar-neve-amanha-novamente","status":"publish","type":"post","link":"https:\/\/migracao.redenoticia.com.br\/noticia\/2009\/previsao-do-tempo-sul-do-pais-podera-registrar-neve-amanha-novamente\/5223","title":{"rendered":"Previs\u00e3o do tempo: Sul do pa\u00eds poder\u00e1 registrar neve amanh\u00e3 novamente"},"content":{"rendered":"<p>Durante a madrugada do \u00faltimo domingo (12) a cidade de Bom Jesus, na Serra Ga\u00facha, registrou neve e mesmo que de forma leve, o fen\u00f4meno deixou carros e pastagens brancas. No mesmo dia, a cidade de Cambar\u00e1 do Sul, tamb\u00e9m na serra ga\u00facha, registrou a temperatura mais baixa do ano de todo o Rio Grande do Sul, com m\u00ednima de apenas -2,8\u00b0C. Nesta segunda-feira (13), a temperatura mais baixa da Regi\u00e3o Sul foi registrada no Paran\u00e1, com m\u00ednima de -0,5\u00b0C em General Carneiro. Em Santa Catarina, a m\u00ednima chegou a 2,2\u00b0C em Urubici e no Rio Grande do Sul, os term\u00f4metros marcaram 3,3\u00b0C em Vacaria e 4,4\u00b0C em S\u00e3o Jos\u00e9 dos Ausentes, sendo que nesta \u00faltima a sensa\u00e7\u00e3o t\u00e9rmica registrada por volta das 7h da manh\u00e3 era de -6\u00b0C por conta dos ventos.<\/p>\n<p>De acordo com os meteorologistas da Somar, no in\u00edcio da manh\u00e3 desta ter\u00e7a-feira (14) ainda h\u00e1 previs\u00e3o de chuvas fracas na Serra do Rio Grande do Sul e por conta das baixas temperaturas, h\u00e1 possibilidade de queda de neve em v\u00e1rias localidades da Serra Ga\u00facha, inclusive em cidades mais baixas. A entrada de uma massa de ar polar provoca m\u00ednimas entre 0\u00b0C e 2\u00b0C no sul do Rio Grande do Sul e na Serra de Santa Catarina. O frio da tarde tamb\u00e9m aumenta e a m\u00e1xima n\u00e3o passa dos 10\u00b0C na Serra Geral e no centro do Rio Grande do Sul. No decorrer do dia, esperam-se muitas nuvens, mas sem chuvas na Regi\u00e3o Sul.<\/p>\n<p>Na quarta-feira o frio da madrugada aumenta na Serra de Santa Catarina e a previs\u00e3o \u00e9 de m\u00ednima negativa. De acordo com o meteorologista Celso Oliveira, a m\u00e1xima permanece baixa e n\u00e3o ir\u00e1 passar dos 10\u00b0C no sudoeste do Rio Grande do Sul e no Planalto de Santa Catarina. No final do dia, a umidade aumenta e as \u00e1reas de instabilidade voltam a provocar chuvas isoladas e com baixo acumulado no centro e oeste do Rio Grande do Sul e no litoral do Paran\u00e1. Na quinta-feira (16), as \u00e1reas de instabilidade d\u00e3o origem a uma frente fria, respons\u00e1vel por chuvas generalizadas na maior parte do Rio Grande do Sul e do Paran\u00e1 e em todo o Estado de Santa Catarina. O frio diminui e apenas no oeste do Rio Grande do Sul a m\u00ednima ainda chega a valores pr\u00f3ximos de 0\u00b0C.<\/p>\n","protected":false},"excerpt":{"rendered":"<p>Durante a madrugada do \u00faltimo domingo (12) a cidade de Bom Jesus, na Serra Ga\u00facha, registrou neve e mesmo que de forma leve, o fen\u00f4meno deixou carros e pastagens brancas. No mesmo dia, a cidade de Cambar\u00e1 do Sul, tamb\u00e9m na serra ga\u00facha, registrou a temperatura mais baixa do ano de todo o Rio Grande [&hellip;]<\/p>\n","protected":false},"author":3,"featured_media":0,"comment_status":"open","ping_status":"open","sticky":false,"template":"","format":"standard","meta":{"tdm_status":"","tdm_grid_status":"","footnotes":""},"categories":[22],"tags":[],"class_list":{"0":"post-5223","1":"post","2":"type-post","3":"status-publish","4":"format-standard","6":"category-brasil"},"_links":{"self":[{"href":"https:\/\/migracao.redenoticia.com.br\/noticia\/wp-json\/wp\/v2\/posts\/5223","targetHints":{"allow":["GET"]}}],"collection":[{"href":"https:\/\/migracao.redenoticia.com.br\/noticia\/wp-json\/wp\/v2\/posts"}],"about":[{"href":"https:\/\/migracao.redenoticia.com.br\/noticia\/wp-json\/wp\/v2\/types\/post"}],"author":[{"embeddable":true,"href":"https:\/\/migracao.redenoticia.com.br\/noticia\/wp-json\/wp\/v2\/users\/3"}],"replies":[{"embeddable":true,"href":"https:\/\/migracao.redenoticia.com.br\/noticia\/wp-json\/wp\/v2\/comments?post=5223"}],"version-history":[{"count":0,"href":"https:\/\/migracao.redenoticia.com.br\/noticia\/wp-json\/wp\/v2\/posts\/5223\/revisions"}],"wp:attachment":[{"href":"https:\/\/migracao.redenoticia.com.br\/noticia\/wp-json\/wp\/v2\/media?parent=5223"}],"wp:term":[{"taxonomy":"category","embeddable":true,"href":"https:\/\/migracao.redenoticia.com.br\/noticia\/wp-json\/wp\/v2\/categories?post=5223"},{"taxonomy":"post_tag","embeddable":true,"href":"https:\/\/migracao.redenoticia.com.br\/noticia\/wp-json\/wp\/v2\/tags?post=5223"}],"curies":[{"name":"wp","href":"https:\/\/api.w.org\/{rel}","templated":true}]}}