{"id":5241,"date":"2009-07-13T10:09:41","date_gmt":"2009-07-13T14:09:41","guid":{"rendered":"http:\/\/www.redenoticia.com.br\/noticia\/?p=5241"},"modified":"2009-07-13T10:09:41","modified_gmt":"2009-07-13T14:09:41","slug":"medico-esclarece-como-cuidar-de-criancas-com-gripe-suina-h1n1-no-brasil","status":"publish","type":"post","link":"https:\/\/migracao.redenoticia.com.br\/noticia\/2009\/medico-esclarece-como-cuidar-de-criancas-com-gripe-suina-h1n1-no-brasil\/5241","title":{"rendered":"M\u00e9dico esclarece como cuidar de crian\u00e7as com gripe su\u00edna (H1N1) no Brasil"},"content":{"rendered":"<p>No Brasil, depois que a crian\u00e7a ou o adolescente recebeu o diagn\u00f3stico de infec\u00e7\u00e3o pelo v\u00edrus Influenza A H1N1, causador da gripe su\u00edna, chegou a hora de ir para casa. E como os pais devem proceder para que n\u00e3o ocorram riscos de contamina\u00e7\u00e3o em rela\u00e7\u00e3o aos demais familiares?<br \/>\nO m\u00e9dico infectologista Milton Lapchik, da Comiss\u00e3o de Controle de Infec\u00e7\u00e3o do Hospital Infantil Sabar\u00e1 &#8211; \u00fanico centro de refer\u00eancia exclusivamente pedi\u00e1trico de S\u00e3o Paulo Brasil convidado pela Secretaria Estadual da Sa\u00fade para atender crian\u00e7as com a gripe su\u00edna, tipo A &#8211; d\u00e1 dicas sobre os procedimentos para cuidar desses pacientes em casa.<\/p>\n<p>Quanto tempo a crian\u00e7a ou o adolescente deve ficar isolado?<br \/>\nRecomenda-se que eles fiquem quatorze dias em um ambiente restrito em casa. Isso significa repouso relativo e restri\u00e7\u00e3o de visitas.<\/p>\n<p>O uso da m\u00e1scara \u00e9 essencial dentro de casa?<br \/>\nSim. A m\u00e1scara impede que ocorra dispers\u00e3o de secre\u00e7\u00f5es respirat\u00f3rias no ambiente, \u00e9 uma forma simples de controlar a contamina\u00e7\u00e3o de outras pessoas. Quem cuida do paciente tamb\u00e9m deve us\u00e1-la e ainda lavar as m\u00e3os sempre que poss\u00edvel.<\/p>\n<p>A m\u00e1scara \u00e9 descart\u00e1vel. Quando devo troc\u00e1-la?<br \/>\nSempre que ela estiver \u00famida, o ideal \u00e9 troc\u00e1-la. A umidade pode comprometer seu funcionamento de filtragem. Os pais devem estimular os pequenos a utilizar len\u00e7os descart\u00e1veis de papel para higiene ap\u00f3s tossir ou espirrar.<\/p>\n<p>Devo separar a lou\u00e7a, toalhas de banho e roupa de cama do paciente infectado?<br \/>\nSim. O ideal \u00e9 que esses utens\u00edlios sejam reservados para uso exclusivo do paciente. Eles devem ser lavados separadamente tamb\u00e9m.<\/p>\n<p>Como deve ser feita a limpeza do quarto onde o paciente est\u00e1 de repouso?<br \/>\nA dica \u00e9 n\u00e3o usar vassouras, mas um pano \u00famido para evitar a dispers\u00e3o de part\u00edculas de poeira no ar. Em bancadas ou m\u00f3veis, as pessoas podem usar o \u00e1lcool 70% durante a limpeza.<\/p>\n<p>Depois de quanto tempo, as crian\u00e7as podem voltar ao conv\u00edvio social?<br \/>\nAs crian\u00e7as e os adolescentes perdem o poder de transmissibilidade ap\u00f3s 14 dias. Somente depois desse per\u00edodo \u00e9 que elas est\u00e3o liberadas para o conv\u00edvio social com outras crian\u00e7as e adultos. Vale lembrar que a Gripe Su\u00edna A tem se mostrado com baixa gravidade at\u00e9 o momento, sendo semelhante a gripe comum que ocorre no inverno.<\/p>\n<p>Sobre o Hospital Infantil Sabar\u00e1 Brasil<br \/>\nTradicionalmente conhecido por sua efici\u00eancia e bons resultados, o Hospital Infantil Sabar\u00e1 nasceu no in\u00edcio dos anos 60, quando um grupo de m\u00e9dicos pediatras resolveu criar um servi\u00e7o diferenciado. A partir da\u00ed o complexo hospitalar se firmou como centro de refer\u00eancia na \u00e1rea, sendo o primeiro hospital a inaugurar uma UTI pedi\u00e1trica em 1974.<\/p>\n","protected":false},"excerpt":{"rendered":"<p>No Brasil, depois que a crian\u00e7a ou o adolescente recebeu o diagn\u00f3stico de infec\u00e7\u00e3o pelo v\u00edrus Influenza A H1N1, causador da gripe su\u00edna, chegou a hora de ir para casa. E como os pais devem proceder para que n\u00e3o ocorram riscos de contamina\u00e7\u00e3o em rela\u00e7\u00e3o aos demais familiares? O m\u00e9dico infectologista Milton Lapchik, da Comiss\u00e3o [&hellip;]<\/p>\n","protected":false},"author":3,"featured_media":0,"comment_status":"open","ping_status":"open","sticky":false,"template":"","format":"standard","meta":{"tdm_status":"","tdm_grid_status":"","footnotes":""},"categories":[22,5],"tags":[],"class_list":{"0":"post-5241","1":"post","2":"type-post","3":"status-publish","4":"format-standard","6":"category-brasil","7":"category-saude-e-vida"},"_links":{"self":[{"href":"https:\/\/migracao.redenoticia.com.br\/noticia\/wp-json\/wp\/v2\/posts\/5241","targetHints":{"allow":["GET"]}}],"collection":[{"href":"https:\/\/migracao.redenoticia.com.br\/noticia\/wp-json\/wp\/v2\/posts"}],"about":[{"href":"https:\/\/migracao.redenoticia.com.br\/noticia\/wp-json\/wp\/v2\/types\/post"}],"author":[{"embeddable":true,"href":"https:\/\/migracao.redenoticia.com.br\/noticia\/wp-json\/wp\/v2\/users\/3"}],"replies":[{"embeddable":true,"href":"https:\/\/migracao.redenoticia.com.br\/noticia\/wp-json\/wp\/v2\/comments?post=5241"}],"version-history":[{"count":0,"href":"https:\/\/migracao.redenoticia.com.br\/noticia\/wp-json\/wp\/v2\/posts\/5241\/revisions"}],"wp:attachment":[{"href":"https:\/\/migracao.redenoticia.com.br\/noticia\/wp-json\/wp\/v2\/media?parent=5241"}],"wp:term":[{"taxonomy":"category","embeddable":true,"href":"https:\/\/migracao.redenoticia.com.br\/noticia\/wp-json\/wp\/v2\/categories?post=5241"},{"taxonomy":"post_tag","embeddable":true,"href":"https:\/\/migracao.redenoticia.com.br\/noticia\/wp-json\/wp\/v2\/tags?post=5241"}],"curies":[{"name":"wp","href":"https:\/\/api.w.org\/{rel}","templated":true}]}}