{"id":5243,"date":"2009-07-13T10:13:12","date_gmt":"2009-07-13T14:13:12","guid":{"rendered":"http:\/\/www.redenoticia.com.br\/noticia\/?p=5243"},"modified":"2009-07-27T02:09:56","modified_gmt":"2009-07-27T02:09:56","slug":"clima-tempo-massa-de-ar-polar-influencia-todo-o-estado-de-sao-paulo","status":"publish","type":"post","link":"https:\/\/migracao.redenoticia.com.br\/noticia\/2009\/clima-tempo-massa-de-ar-polar-influencia-todo-o-estado-de-sao-paulo\/5243","title":{"rendered":"Clima tempo: massa de ar polar influencia todo o estado de S\u00e3o Paulo"},"content":{"rendered":"<p>Segundo a Climatempo, depois da chuva, os paulistanos v\u00e3o enfrentar v\u00e1rios dias gelados. A segunda-feira amanheceu gelada na grande S\u00e3o Paulo. A esta\u00e7\u00e3o meteorol\u00f3gica da USP, localizada na regi\u00e3o do Zool\u00f3gico da cidade de S\u00e3o Paulo, na zona sul, registrou temperatura m\u00ednima de 6\u00baC nesta segunda-feira. Foi uma das menores temperaturas do ano. Ainda na zona sul, a temperatura chegou aos 9\u00baC no aeroporto de Congonhas. O aeroporto internacional de Guarulhos registrou 7\u00baC.<\/p>\n<p>As baixas temperaturas s\u00e3o provocadas pela forte massa polar que entrou em S\u00e3o Paulo e desde ontem derrubou a temperatura em todo o Estado. Amanh\u00e3, uma frente fria passa r\u00e1pido pelo litoral paulista e aumenta nebulosidade. De acordo com os meteorologistas da Climatempo, h\u00e1 previs\u00e3o de chuva leve durante a noite em todo o litoral. Nas demais \u00e1reas, inclusive no interior, o sol aparece e n\u00e3o chove. Os pr\u00f3ximos dias prometem ser de frio.<\/p>\n<p>Chuva de s\u00e1bado em S\u00e3o Paulo foi muito acima do normal para julho<\/p>\n<p>A quantidade de \u00e1gua que caiu neste s\u00e1bado na grande S\u00e3o Paulo foi muito maior do que normalmente acontece em julho, que \u00e9 considerado um m\u00eas de seca. Na escala anual, julho e agosto t\u00eam os menores valores m\u00e9dios de chuva e, portanto, s\u00e3o os meses menos prov\u00e1veis para ocorr\u00eancia de chuva volumosa na regi\u00e3o da capital paulista. S\u00f3 pela chuva deste s\u00e1bado, julho de 2009 j\u00e1 merece destaque.<\/p>\n<p>De acordo com o Instituto Nacional de Meteorologia, a m\u00e9dia de chuva em julho no Mirante de Santana, local de medi\u00e7\u00e3o meteorol\u00f3gica na zona norte da capital, \u00e9 de aproximadamente 40 mil\u00edmetros. O total acumulado no s\u00e1bado, entre 5 horas da madrugada e 19 horas da noite, foi de 57 mil\u00edmetros.<\/p>\n<p>As esta\u00e7\u00f5es medidoras do CGE &#8211; Centro de Gerenciamento de Emerg\u00eancias da Prefeitura &#8211; tamb\u00e9m registraram a chuva volumosa. Por volta das 19h45, a regi\u00e3o de Pinheiros acumulava 64 mil\u00edmetros e Santo Amaro, 70 mil\u00edmetros. Estes valores correspondem a quase a m\u00e9dia de chuva de julho e agosto, juntos. Outros valores tamb\u00e9m foram registrados: Itaquera: 33,7 mm; Pirituba: 44,8 mm; Campo Limpo: 58,9 mm; Ribeir\u00e3o dos Meninos: 60,8 mm; M\u00b4Boi Mirim: 52,8 mm; Itaim Paulista: 41,5 mm; Consola\u00e7\u00e3o: 33,7 mm; Penha\/Rinc\u00e3o 51,8mm; Trememb\u00e9: 39,5 mm.<\/p>\n<p>\u00c9 muita chuva para um dia de julho e fica ainda mais impressionante se comparado ao que ocorreu nesta \u00e9poca, no ano passado. Julho de 2008 foi o primeiro julho, desde 1943, no qual n\u00e3o houve registro de chuva acumulada no Mirante de Santana. At\u00e9 choveu em algumas \u00e1reas da cidade, mas a chuva n\u00e3o foi registrada no pluvi\u00f4metro do Mirante. Para todos os efeitos de estudos posteriores, a chuva de julho do ano passado no Mirante foi zero.<\/p>\n<p>Sobre o Grupo Climatempo<\/p>\n<p>O Grupo Climatempo \u00e9 a maior empresa privada de meteorologia do pa\u00eds. Uma holding formada pela Climatempo Consultoria, Ag\u00eancia Climatempo, a TV Climatempo e a CLIMANET (Internet, servi\u00e7os de tecnologia e inform\u00e1tica). Atualmente, o Grupo Climatempo fornece conte\u00fado para os principais portais do pa\u00eds, mais de 50 retransmissoras de televis\u00e3o do Brasil, r\u00e1dios e tem cerca de mil clientes. Os dois principais segmentos atendidos s\u00e3o o de agroneg\u00f3cios e meios de comunica\u00e7\u00e3o. Al\u00e9m destes, fornece conte\u00fado meteorol\u00f3gico estrat\u00e9gico para produtoras, a ind\u00fastria eletroeletr\u00f4nica e t\u00eaxtil, com\u00e9rcio, moda e turismo, constru\u00e7\u00e3o civil, setor de energia, entre outros setores.<\/p>\n","protected":false},"excerpt":{"rendered":"<p>Segundo a Climatempo, depois da chuva, os paulistanos v\u00e3o enfrentar v\u00e1rios dias gelados. A segunda-feira amanheceu gelada na grande S\u00e3o Paulo. A esta\u00e7\u00e3o meteorol\u00f3gica da USP, localizada na regi\u00e3o do Zool\u00f3gico da cidade de S\u00e3o Paulo, na zona sul, registrou temperatura m\u00ednima de 6\u00baC nesta segunda-feira. Foi uma das menores temperaturas do ano. Ainda na [&hellip;]<\/p>\n","protected":false},"author":3,"featured_media":0,"comment_status":"open","ping_status":"open","sticky":false,"template":"","format":"standard","meta":{"tdm_status":"","tdm_grid_status":"","footnotes":""},"categories":[22,327],"tags":[],"class_list":{"0":"post-5243","1":"post","2":"type-post","3":"status-publish","4":"format-standard","6":"category-brasil","7":"category-clima"},"_links":{"self":[{"href":"https:\/\/migracao.redenoticia.com.br\/noticia\/wp-json\/wp\/v2\/posts\/5243","targetHints":{"allow":["GET"]}}],"collection":[{"href":"https:\/\/migracao.redenoticia.com.br\/noticia\/wp-json\/wp\/v2\/posts"}],"about":[{"href":"https:\/\/migracao.redenoticia.com.br\/noticia\/wp-json\/wp\/v2\/types\/post"}],"author":[{"embeddable":true,"href":"https:\/\/migracao.redenoticia.com.br\/noticia\/wp-json\/wp\/v2\/users\/3"}],"replies":[{"embeddable":true,"href":"https:\/\/migracao.redenoticia.com.br\/noticia\/wp-json\/wp\/v2\/comments?post=5243"}],"version-history":[{"count":0,"href":"https:\/\/migracao.redenoticia.com.br\/noticia\/wp-json\/wp\/v2\/posts\/5243\/revisions"}],"wp:attachment":[{"href":"https:\/\/migracao.redenoticia.com.br\/noticia\/wp-json\/wp\/v2\/media?parent=5243"}],"wp:term":[{"taxonomy":"category","embeddable":true,"href":"https:\/\/migracao.redenoticia.com.br\/noticia\/wp-json\/wp\/v2\/categories?post=5243"},{"taxonomy":"post_tag","embeddable":true,"href":"https:\/\/migracao.redenoticia.com.br\/noticia\/wp-json\/wp\/v2\/tags?post=5243"}],"curies":[{"name":"wp","href":"https:\/\/api.w.org\/{rel}","templated":true}]}}