{"id":5246,"date":"2009-07-13T10:25:28","date_gmt":"2009-07-13T14:25:28","guid":{"rendered":"http:\/\/www.redenoticia.com.br\/noticia\/?p=5246"},"modified":"2009-07-13T11:44:08","modified_gmt":"2009-07-13T15:44:08","slug":"sessao-extraordinaria-na-camara-municipal-em-ji-parana","status":"publish","type":"post","link":"https:\/\/migracao.redenoticia.com.br\/noticia\/2009\/sessao-extraordinaria-na-camara-municipal-em-ji-parana\/5246","title":{"rendered":"Sess\u00e3o extraordin\u00e1ria na C\u00e2mara Municipal em Ji-Paran\u00e1"},"content":{"rendered":"<p><span style=\"font-size: 11pt; font-family: Arial;\">Amanh\u00e3, dia 14 (ter\u00e7a-feira), \u00e0s 19 horas, o Poder Legislativo Municipal suspender\u00e1 o recesso e realizar\u00e1 Sess\u00e3o Extraordin\u00e1ria, sem custos para a municipalidade, com a finalidade de votar projetos considerados relevantes para Ji-Paran\u00e1.<br \/>\n<\/span><\/p>\n<p><span style=\"font-size: 11pt; font-family: Arial;\">A expectativa \u00e9 que o Executivo Municipal apresente as seguintes mat\u00e9rias: projeto que rege sobre a transforma\u00e7\u00e3o dos Nuares de Nova Colina e Nova Londrina em Distritos de Ji-Paran\u00e1; Reajuste na tarifa do transporte coletivo (Coopemtax) e o Projeto de Lei que rege sobre o piso salarial do professores municipais. <\/span><\/p>\n<p><span style=\"font-size: 11pt; font-family: Arial;\">Na sess\u00e3o ordin\u00e1ria do dia 02 de julho, o presidente Nilton Cezar iniciou a ordem do dia e informou sobre o recesso das sess\u00f5es durante este m\u00eas mas ressaltou que os trabalhos internos e dos vereadores continuariam normalmente.<\/span><\/p>\n<p><span style=\"font-size: 11pt; font-family: Arial;\">Na \u00faltima sess\u00e3o foram aprovados diversos projetos, entre eles, a cria\u00e7\u00e3o de cargos para a universidade aberta, a cria\u00e7\u00e3o do cargo de Controlador Geral para a C\u00e2mara, o conv\u00eanio com a associa\u00e7\u00e3o evolu\u00e7\u00e3o para realiza\u00e7\u00e3o do casamento comunit\u00e1rio, as diretrizes or\u00e7ament\u00e1rias de 2010,  o conv\u00eanio com a APRITA, o desafeto da rua Castelo Branco e a declara\u00e7\u00e3o de utilidade p\u00fablica para a associa\u00e7\u00e3o Estrela da Manh\u00e3.<\/span><\/p>\n","protected":false},"excerpt":{"rendered":"<p>Amanh\u00e3, dia 14 (ter\u00e7a-feira), \u00e0s 19 horas, o Poder Legislativo Municipal suspender\u00e1 o recesso e realizar\u00e1 Sess\u00e3o Extraordin\u00e1ria, sem custos para a municipalidade, com a finalidade de votar projetos considerados relevantes para Ji-Paran\u00e1. A expectativa \u00e9 que o Executivo Municipal apresente as seguintes mat\u00e9rias: projeto que rege sobre a transforma\u00e7\u00e3o dos Nuares de Nova Colina [&hellip;]<\/p>\n","protected":false},"author":3,"featured_media":0,"comment_status":"open","ping_status":"open","sticky":false,"template":"","format":"standard","meta":{"tdm_status":"","tdm_grid_status":"","footnotes":""},"categories":[22],"tags":[],"class_list":{"0":"post-5246","1":"post","2":"type-post","3":"status-publish","4":"format-standard","6":"category-brasil"},"_links":{"self":[{"href":"https:\/\/migracao.redenoticia.com.br\/noticia\/wp-json\/wp\/v2\/posts\/5246","targetHints":{"allow":["GET"]}}],"collection":[{"href":"https:\/\/migracao.redenoticia.com.br\/noticia\/wp-json\/wp\/v2\/posts"}],"about":[{"href":"https:\/\/migracao.redenoticia.com.br\/noticia\/wp-json\/wp\/v2\/types\/post"}],"author":[{"embeddable":true,"href":"https:\/\/migracao.redenoticia.com.br\/noticia\/wp-json\/wp\/v2\/users\/3"}],"replies":[{"embeddable":true,"href":"https:\/\/migracao.redenoticia.com.br\/noticia\/wp-json\/wp\/v2\/comments?post=5246"}],"version-history":[{"count":0,"href":"https:\/\/migracao.redenoticia.com.br\/noticia\/wp-json\/wp\/v2\/posts\/5246\/revisions"}],"wp:attachment":[{"href":"https:\/\/migracao.redenoticia.com.br\/noticia\/wp-json\/wp\/v2\/media?parent=5246"}],"wp:term":[{"taxonomy":"category","embeddable":true,"href":"https:\/\/migracao.redenoticia.com.br\/noticia\/wp-json\/wp\/v2\/categories?post=5246"},{"taxonomy":"post_tag","embeddable":true,"href":"https:\/\/migracao.redenoticia.com.br\/noticia\/wp-json\/wp\/v2\/tags?post=5246"}],"curies":[{"name":"wp","href":"https:\/\/api.w.org\/{rel}","templated":true}]}}