{"id":5252,"date":"2009-07-13T10:35:36","date_gmt":"2009-07-13T14:35:36","guid":{"rendered":"http:\/\/www.redenoticia.com.br\/noticia\/?p=5252"},"modified":"2009-07-27T02:09:54","modified_gmt":"2009-07-27T02:09:54","slug":"clima-tempo-ar-polar-atua-no-rio-de-janeiro-e-sensacao-de-frio-e-grande","status":"publish","type":"post","link":"https:\/\/migracao.redenoticia.com.br\/noticia\/2009\/clima-tempo-ar-polar-atua-no-rio-de-janeiro-e-sensacao-de-frio-e-grande\/5252","title":{"rendered":"Clima tempo: ar polar atua no Rio de Janeiro e sensa\u00e7\u00e3o de frio \u00e9 grande"},"content":{"rendered":"<p>Segundo a Climatempo, amanh\u00e3 o sol aparece e faz um pouco de calor \u00e0 tarde. O vento frio polar entrou com muita for\u00e7a na manh\u00e3 do \u00faltimo domingo no litoral do Rio de Janeiro. Na capital, de acordo com as medi\u00e7\u00f5es de esta\u00e7\u00f5es meteorol\u00f3gicas do Instituto Nacional de Meteorologia, as rajadas chegaram aos 77 km\/h na regi\u00e3o do Forte de Copacabana, entre as 9 e \u00e0s 10 da manh\u00e3.<br \/>\nDe acordo com os meteorologistas da Climatempo, nesta segunda-feira j\u00e1 n\u00e3o venta mais no litoral fluminense. O mar ainda fica um pouco agitado, com ondas entre 1 e 1,5 metro, podendo ocorrer picos maiores. O ar polar que entrou no Estado do Rio de Janeiro vai manter a temperatura baixa o dia todo. Apesar da presen\u00e7a do sol, a sensa\u00e7\u00e3o de frio ser\u00e1 grande em todas as regi\u00f5es fluminenses.<\/p>\n<p>Amanh\u00e3, o sol aparece e faz at\u00e9 um pouco de calor \u00e0 tarde. A m\u00e1xima prevista \u00e9 de 25\u00b0C. H\u00e1 previs\u00e3o de chuva \u00e0 noite, devido \u00e0 r\u00e1pida passagem de uma frente fria. Na quarta-feira, essa frente fria vai embora, mas deixa \u00e1reas de instabilidade sobre a regi\u00e3o. O c\u00e9u fica nublado com chuva o dia todo. Por conta do excesso de nuvens, a temperatura n\u00e3o sobe muito. A m\u00e1xima prevista \u00e9 de 22\u00b0C.<\/p>\n<p>Rajadas de vento o Rio de Janeiro<\/p>\n<p>No \u00faltimo domingo, em Jacarepagu\u00e1, uma rajada de vento chegou aos 53 km\/h. Na regi\u00e3o da Marambaia, a velocidade do vento chegou aos 72 km\/h, \u00e0s 9 horas. Na regi\u00e3o dos Lagos, a velocidade do vento \u00e0s 10 horas chegava aos 41 km\/h em Cabo Frio. Em S\u00e3o Pedro d\u00b4Aldeia, uma rajada chegou a 56 km\/h, por volta das 10h20.<\/p>\n<p>O aeroporto Santos Dumont, na zona central da cidade do Rio de Janeiro, passou toda \u00e0 tarde do \u00faltimo domingo com os ventos frios polares em torno de 24 km\/h, mas as rajadas variaram de 40 a 44 km\/h. Por causa do vento forte, quem estava no local tinha sensa\u00e7\u00e3o de um frio de 14\u00baC, mas a temperatura real do ar estava em torno de 20\u00baC.<\/p>\n<p>Sobre o Grupo Climatempo<\/p>\n<p>O Grupo Climatempo \u00e9 a maior empresa privada de meteorologia do pa\u00eds. Uma holding formada pela Climatempo Consultoria, Ag\u00eancia Climatempo, a TV Climatempo e a CLIMANET (Internet, servi\u00e7os de tecnologia e inform\u00e1tica). Atualmente, o Grupo Climatempo fornece conte\u00fado para os principais portais do pa\u00eds, mais de 50 retransmissoras de televis\u00e3o do Brasil, r\u00e1dios e tem cerca de mil clientes. Os dois principais segmentos atendidos s\u00e3o o de agroneg\u00f3cios e meios de comunica\u00e7\u00e3o. Al\u00e9m destes, fornece conte\u00fado meteorol\u00f3gico estrat\u00e9gico para produtoras, a ind\u00fastria eletroeletr\u00f4nica e t\u00eaxtil, com\u00e9rcio, moda e turismo, constru\u00e7\u00e3o civil, setor de energia, entre outros setores.<\/p>\n","protected":false},"excerpt":{"rendered":"<p>Segundo a Climatempo, amanh\u00e3 o sol aparece e faz um pouco de calor \u00e0 tarde. O vento frio polar entrou com muita for\u00e7a na manh\u00e3 do \u00faltimo domingo no litoral do Rio de Janeiro. Na capital, de acordo com as medi\u00e7\u00f5es de esta\u00e7\u00f5es meteorol\u00f3gicas do Instituto Nacional de Meteorologia, as rajadas chegaram aos 77 km\/h [&hellip;]<\/p>\n","protected":false},"author":3,"featured_media":0,"comment_status":"open","ping_status":"open","sticky":false,"template":"","format":"standard","meta":{"tdm_status":"","tdm_grid_status":"","footnotes":""},"categories":[22,327],"tags":[],"class_list":{"0":"post-5252","1":"post","2":"type-post","3":"status-publish","4":"format-standard","6":"category-brasil","7":"category-clima"},"_links":{"self":[{"href":"https:\/\/migracao.redenoticia.com.br\/noticia\/wp-json\/wp\/v2\/posts\/5252","targetHints":{"allow":["GET"]}}],"collection":[{"href":"https:\/\/migracao.redenoticia.com.br\/noticia\/wp-json\/wp\/v2\/posts"}],"about":[{"href":"https:\/\/migracao.redenoticia.com.br\/noticia\/wp-json\/wp\/v2\/types\/post"}],"author":[{"embeddable":true,"href":"https:\/\/migracao.redenoticia.com.br\/noticia\/wp-json\/wp\/v2\/users\/3"}],"replies":[{"embeddable":true,"href":"https:\/\/migracao.redenoticia.com.br\/noticia\/wp-json\/wp\/v2\/comments?post=5252"}],"version-history":[{"count":0,"href":"https:\/\/migracao.redenoticia.com.br\/noticia\/wp-json\/wp\/v2\/posts\/5252\/revisions"}],"wp:attachment":[{"href":"https:\/\/migracao.redenoticia.com.br\/noticia\/wp-json\/wp\/v2\/media?parent=5252"}],"wp:term":[{"taxonomy":"category","embeddable":true,"href":"https:\/\/migracao.redenoticia.com.br\/noticia\/wp-json\/wp\/v2\/categories?post=5252"},{"taxonomy":"post_tag","embeddable":true,"href":"https:\/\/migracao.redenoticia.com.br\/noticia\/wp-json\/wp\/v2\/tags?post=5252"}],"curies":[{"name":"wp","href":"https:\/\/api.w.org\/{rel}","templated":true}]}}