{"id":5254,"date":"2009-07-13T10:39:08","date_gmt":"2009-07-13T14:39:08","guid":{"rendered":"http:\/\/www.redenoticia.com.br\/noticia\/?p=5254"},"modified":"2009-07-27T02:09:54","modified_gmt":"2009-07-27T02:09:54","slug":"frio-intenso-em-monte-verde-mg-atrai-8-mil-turistas-no-fim-de-semana","status":"publish","type":"post","link":"https:\/\/migracao.redenoticia.com.br\/noticia\/2009\/frio-intenso-em-monte-verde-mg-atrai-8-mil-turistas-no-fim-de-semana\/5254","title":{"rendered":"Frio intenso em Monte Verde MG atrai 8 mil turistas no fim de semana"},"content":{"rendered":"<p>A previs\u00e3o \u00e9 de mais frio nessa semana, para alegria de turistas que podem aproveitar o sol da montanha e curtir as baixas temperaturas nos bares, restaurantes, pousadas e hot\u00e9is da vila mineira<br \/>\nA previs\u00e3o do Climatempo para essa segunda-feira, 13 de julho, era de neve em Monte Verde &#8211; MG. A neve n\u00e3o caiu, mas a geada foi forte e a temperatura chegou a menos 3 graus na madrugada. Nesta segunda feira a m\u00ednima deve ficar em 6\u00ba C, amanh\u00e3, ter\u00e7a-feira, em 5\u00ba C, e na quarta-feira, 6\u00ba C. J\u00e1 pela previs\u00e3o do Tempo Agora, hoje a m\u00ednima fica no 0\u00ba C. Amanh\u00e3, ter\u00e7a-feira, 1\u00ba C e quarta-feira sobe para 6\u00ba C. O conforto \u00e9 que Monte Verde est\u00e1 preparada para aquecer o turista com in\u00fameras op\u00e7\u00f5es de hospedagem e de gastronomia, al\u00e9m de atra\u00e7\u00f5es tur\u00edsticas que v\u00e3o desde uma gelada caminhada at\u00e9 esportes de aventura.<\/p>\n<p>No \u00faltimo final de semana (11 e 12 de julho), cerca de 8 mil turistas ocuparam a charmosa vila, esquentando-se com fondues servidos nos bares e restaurantes ou aos p\u00e9s das lareiras dos hot\u00e9is e pousadas de Monte verde, que fica a 167 km de S\u00e3o Paulo, 420 km do Rio de Janeiro e a 456 km de Belo Horizonte e j\u00e1 faz parte do roteiro de inverno do pa\u00eds.<\/p>\n","protected":false},"excerpt":{"rendered":"<p>A previs\u00e3o \u00e9 de mais frio nessa semana, para alegria de turistas que podem aproveitar o sol da montanha e curtir as baixas temperaturas nos bares, restaurantes, pousadas e hot\u00e9is da vila mineira A previs\u00e3o do Climatempo para essa segunda-feira, 13 de julho, era de neve em Monte Verde &#8211; MG. A neve n\u00e3o caiu, [&hellip;]<\/p>\n","protected":false},"author":3,"featured_media":0,"comment_status":"open","ping_status":"open","sticky":false,"template":"","format":"standard","meta":{"tdm_status":"","tdm_grid_status":"","footnotes":""},"categories":[22,327],"tags":[],"class_list":{"0":"post-5254","1":"post","2":"type-post","3":"status-publish","4":"format-standard","6":"category-brasil","7":"category-clima"},"_links":{"self":[{"href":"https:\/\/migracao.redenoticia.com.br\/noticia\/wp-json\/wp\/v2\/posts\/5254","targetHints":{"allow":["GET"]}}],"collection":[{"href":"https:\/\/migracao.redenoticia.com.br\/noticia\/wp-json\/wp\/v2\/posts"}],"about":[{"href":"https:\/\/migracao.redenoticia.com.br\/noticia\/wp-json\/wp\/v2\/types\/post"}],"author":[{"embeddable":true,"href":"https:\/\/migracao.redenoticia.com.br\/noticia\/wp-json\/wp\/v2\/users\/3"}],"replies":[{"embeddable":true,"href":"https:\/\/migracao.redenoticia.com.br\/noticia\/wp-json\/wp\/v2\/comments?post=5254"}],"version-history":[{"count":0,"href":"https:\/\/migracao.redenoticia.com.br\/noticia\/wp-json\/wp\/v2\/posts\/5254\/revisions"}],"wp:attachment":[{"href":"https:\/\/migracao.redenoticia.com.br\/noticia\/wp-json\/wp\/v2\/media?parent=5254"}],"wp:term":[{"taxonomy":"category","embeddable":true,"href":"https:\/\/migracao.redenoticia.com.br\/noticia\/wp-json\/wp\/v2\/categories?post=5254"},{"taxonomy":"post_tag","embeddable":true,"href":"https:\/\/migracao.redenoticia.com.br\/noticia\/wp-json\/wp\/v2\/tags?post=5254"}],"curies":[{"name":"wp","href":"https:\/\/api.w.org\/{rel}","templated":true}]}}