{"id":5265,"date":"2009-07-13T11:49:31","date_gmt":"2009-07-13T15:49:31","guid":{"rendered":"http:\/\/www.redenoticia.com.br\/noticia\/?p=5265"},"modified":"2009-07-27T02:09:51","modified_gmt":"2009-07-27T02:09:51","slug":"clima-tempo-informa-que-geada-volta-a-se-formar-na-regiao-sul-do-brasil","status":"publish","type":"post","link":"https:\/\/migracao.redenoticia.com.br\/noticia\/2009\/clima-tempo-informa-que-geada-volta-a-se-formar-na-regiao-sul-do-brasil\/5265","title":{"rendered":"Clima tempo informa que geada volta a se formar na regi\u00e3o Sul do Brasil"},"content":{"rendered":"<p>Segundo a Climatempo, amanh\u00e3 a temperatura come\u00e7a a subir, mas a sensa\u00e7\u00e3o ainda ser\u00e1 de frio. A forte massa polar que entrou no Sul do Brasil provocou muito frio na regi\u00e3o, segundo a Climatempo. A geada voltou a se formar em localidades dos tr\u00eas estados do Sul do Brasil. O Instituto Nacional de Meteorologia registrou geada fraca em Iva\u00ed, no interior do Paran\u00e1, onde a m\u00ednima foi de 4,8\u00baC. Geou fraco em S\u00e3o Joaquim, na serra catarinense, com temperatura de 3\u00baC. No Rio Grande do Sul, houve forma\u00e7\u00e3o de geada fraca em Porto Alegre e em Cambar\u00e1 do Sul.<br \/>\nAs baixas temperaturas foram provocadas por uma forte massa de ar polar que entrou no centro-sul do Brasil. No Sul do Brasil, houve uma ligeira eleva\u00e7\u00e3o, mesmo assim, o frio ainda foi intenso. Os menores valores registrados pelo Instituto Nacional de Meteorologia 0,5\u00baC negativos em General Carneiro, no sul do Paran\u00e1, 2,2\u00baC em Major Vieira, norte de Santa Catarina e de 3,3\u00baC em Vacaria, na regi\u00e3o serrana do Rio Grande do Sul.<\/p>\n<p>Nesta ter\u00e7a-feira, o ar frio polar ainda ser\u00e1 sentido por todo o Sul do Brasil. De forma geral, a tend\u00eancia \u00e9 de ligeira eleva\u00e7\u00e3o das temperaturas em rela\u00e7\u00e3o \u00e0 hoje, mas a sensa\u00e7\u00e3o de frio ainda ser\u00e1 grande, de acordo com os meteorologistas. Pode gear no sul do Paran\u00e1, em \u00e1reas de serra de Santa Catarina e do Rio Grande do Sul e na Campanha Ga\u00facha &#8211; na fronteira com o Uruguai.<\/p>\n<p>Neve fraca na serra ga\u00facha<\/p>\n<p>O Instituto Nacional de Meteorologia registrou queda de neve fraca na madrugada deste ultimo domingo em Bom Jesus, na serra ga\u00facha. O fen\u00f4meno foi observado entre 3 horas da madrugada e 8 horas da manh\u00e3. Nevou fraco tamb\u00e9m em S\u00e3o Joaquim, na serra catarinense, entre 2h30 2h45 da madrugada. Nas duas cidades, o frio foi intenso com temperaturas abaixo de zero.<\/p>\n<p>Em Bom Jesus, a m\u00ednima chegou a 2,2\u00baC negativos e em S\u00e3o Joaquim a 2C negativos. A menor temperatura neste domingo registrada pelo Inmet foi de 2,8\u00baC abaixo de zero, em Cambar\u00e1 do Sul, na regi\u00e3o serrana do Rio Grande do Sul. N\u00e3o nevou por l\u00e1, mas a geada foi considerada forte ao amanhecer. Geou forte tamb\u00e9m na regi\u00e3o das cidades de Uruguaiana e Santana do Livramento.<\/p>\n<p>Em Santa Maria e em Encruzilhada do Sul, a geada foi moderada. Em Santa Catarina, o Inmet registrou geada forte em Ibirub\u00e1, em Santa Catarina. Outras \u00e1reas do Sul do Brasil tiveram geada de fraca intensidade.<\/p>\n<p>Sobre o Grupo Climatempo<\/p>\n<p>O Grupo Climatempo \u00e9 a maior empresa privada de meteorologia do pa\u00eds. Uma holding formada pela Climatempo Consultoria, Ag\u00eancia Climatempo, a TV Climatempo e a CLIMANET (Internet, servi\u00e7os de tecnologia e inform\u00e1tica). Atualmente, o Grupo Climatempo fornece conte\u00fado para os principais portais do pa\u00eds, mais de 50 retransmissoras de televis\u00e3o do Brasil, r\u00e1dios e tem cerca de mil clientes. Os dois principais segmentos atendidos s\u00e3o o de agroneg\u00f3cios e meios de comunica\u00e7\u00e3o. Al\u00e9m destes, fornece conte\u00fado meteorol\u00f3gico estrat\u00e9gico para produtoras, a ind\u00fastria eletroeletr\u00f4nica e t\u00eaxtil, com\u00e9rcio, moda e turismo, constru\u00e7\u00e3o civil, setor de energia, entre outros setores.<\/p>\n","protected":false},"excerpt":{"rendered":"<p>Segundo a Climatempo, amanh\u00e3 a temperatura come\u00e7a a subir, mas a sensa\u00e7\u00e3o ainda ser\u00e1 de frio. A forte massa polar que entrou no Sul do Brasil provocou muito frio na regi\u00e3o, segundo a Climatempo. A geada voltou a se formar em localidades dos tr\u00eas estados do Sul do Brasil. O Instituto Nacional de Meteorologia registrou [&hellip;]<\/p>\n","protected":false},"author":3,"featured_media":0,"comment_status":"open","ping_status":"open","sticky":false,"template":"","format":"standard","meta":{"tdm_status":"","tdm_grid_status":"","footnotes":""},"categories":[22,327],"tags":[],"class_list":{"0":"post-5265","1":"post","2":"type-post","3":"status-publish","4":"format-standard","6":"category-brasil","7":"category-clima"},"_links":{"self":[{"href":"https:\/\/migracao.redenoticia.com.br\/noticia\/wp-json\/wp\/v2\/posts\/5265","targetHints":{"allow":["GET"]}}],"collection":[{"href":"https:\/\/migracao.redenoticia.com.br\/noticia\/wp-json\/wp\/v2\/posts"}],"about":[{"href":"https:\/\/migracao.redenoticia.com.br\/noticia\/wp-json\/wp\/v2\/types\/post"}],"author":[{"embeddable":true,"href":"https:\/\/migracao.redenoticia.com.br\/noticia\/wp-json\/wp\/v2\/users\/3"}],"replies":[{"embeddable":true,"href":"https:\/\/migracao.redenoticia.com.br\/noticia\/wp-json\/wp\/v2\/comments?post=5265"}],"version-history":[{"count":0,"href":"https:\/\/migracao.redenoticia.com.br\/noticia\/wp-json\/wp\/v2\/posts\/5265\/revisions"}],"wp:attachment":[{"href":"https:\/\/migracao.redenoticia.com.br\/noticia\/wp-json\/wp\/v2\/media?parent=5265"}],"wp:term":[{"taxonomy":"category","embeddable":true,"href":"https:\/\/migracao.redenoticia.com.br\/noticia\/wp-json\/wp\/v2\/categories?post=5265"},{"taxonomy":"post_tag","embeddable":true,"href":"https:\/\/migracao.redenoticia.com.br\/noticia\/wp-json\/wp\/v2\/tags?post=5265"}],"curies":[{"name":"wp","href":"https:\/\/api.w.org\/{rel}","templated":true}]}}