{"id":5279,"date":"2009-07-13T13:19:31","date_gmt":"2009-07-13T17:19:31","guid":{"rendered":"http:\/\/www.redenoticia.com.br\/noticia\/?p=5279"},"modified":"2009-08-05T00:34:50","modified_gmt":"2009-08-05T04:34:50","slug":"a-fazenda-e-ana-hickmann-nos-destaques-de-audiencia-da-record","status":"publish","type":"post","link":"https:\/\/migracao.redenoticia.com.br\/noticia\/2009\/a-fazenda-e-ana-hickmann-nos-destaques-de-audiencia-da-record\/5279","title":{"rendered":"A Fazenda e Ana Hickmann nos destaques de audi\u00eancia da Record"},"content":{"rendered":"<p>O programa A Fazenda exibido ontem (12\/07) registrou \u00f3timos \u00edndices de audi\u00eancia para a Record, na faixa das 21h29 \u00e0s 23h34. A Fazenda ficou com 16 pontos de m\u00e9dia, 21 de pico e 24% de share, garantindo o segundo lugar isolado no ranking das audi\u00eancias. Por 28 minutos, o programa ficou em primeiro lugar.<br \/>\nNo s\u00e1bado, dia 11, A Fazenda ficou com 14 pontos de m\u00e9dia, 20 de pico e 22% de share, na faixa das 21h30 \u00e0s 22h50, garantindo a vice-lideran\u00e7a isolada.<\/p>\n<p>A Fazenda tem apresenta\u00e7\u00e3o de Britto Jr. e dire\u00e7\u00e3o geral de Rodrigo Carelli.<\/p>\n<p>Tudo \u00e9 Poss\u00edvel fica em segundo lugar de audi\u00eancia<\/p>\n<p>Neste domingo (12\/07), a estreia de Ana Hickmann no comando do Tudo \u00e9 Poss\u00edvel garantiu o segundo lugar no ranking de audi\u00eancia. Na faixa das 13h31 \u00e0s 17h12, a atra\u00e7\u00e3o registrou 8 pontos de m\u00e9dia, pico de 11 e share de 17%.<\/p>\n<p>O Melhor do Brasil garante o segundo lugar isolado de audi\u00eancia<\/p>\n<p>O programa exibido no s\u00e1bado (11\/07), sob comando de Rodrigo Faro, ficou em segundo lugar isolado no ranking de audi\u00eancia, com 11 pontos de m\u00e9dia, 16 de pico e 18% de share, na faixa das 17h \u00e0s 20h31. Os destaques da tarde foram os quadros &#8220;Lavando Roupa Suja&#8221;com Miro Moreira, exibido na faixa das 18h22 \u00e0s 19h08, com 12 pontos de m\u00e9dia, 13 de pico e 18% de share, e o quadro &#8220;Vai dar Namoro&#8221;, exibido das 19h08 \u00e0s 20h31, com 14 pontos de m\u00e9dia, pico de 16 e 22% de share.<\/p>\n<p>Show do Tom conquista 18 pontos de pico com O Curral<\/p>\n<p>O Show do Tom exibido no s\u00e1bado, dia 11\/07, conquistou \u00f3tima audi\u00eancia com &#8220;O Curral&#8221;, s\u00e1tira do reality show &#8220;A Fazenda&#8221;. Exibido das 22h50 \u00e0 00h11, o humor\u00edstico registrou 11 pontos de m\u00e9dia, pico de 18 e share de 19%, garantindo \u00e0 Record o segundo lugar isolado no ranking de audi\u00eancia. No quadro, Tom Cavalcante vive o apresentador Cabritto Jr. A cada semana, um dos participantes de &#8220;O Curral&#8221; \u00e9 mandado para &#8220;a fossa&#8221; e eliminado do programa.<\/p>\n<p>C\u00e2mera Record registra 12 pontos e conquista o primeiro lugar<\/p>\n<p>Na noite da \u00faltima sexta-feira (10\/07) o jornal\u00edstico tem\u00e1tico da Record apresentado por Marcos Hummel conquistou o primeiro lugar no ranking de audi\u00eancias durante 12 minutos.<\/p>\n<p>No hor\u00e1rio em que foi ao ar, das 23h27 \u00e0 0h33, o C\u00e2mera Record marcou 11 pontos de m\u00e9dia, 23% de share e 12 pontos de pico.<\/p>\n<p>O jornal\u00edstico apresentou o agreste do Brasil.<\/p>\n<p>Fala Brasil alcan\u00e7a a lideran\u00e7a<\/p>\n<p>Apresentado por Carla Cecato e Roberta Piza, o jornal\u00edstico exibido na manh\u00e3 da \u00faltima sexta-feira (10\/07) conquistou a lideran\u00e7a no ranking de audi\u00eancias. No hor\u00e1rio de exibi\u00e7\u00e3o, das 8h30 \u00e0s 9h29, o Fala Brasil marcou 7 pontos de m\u00e9dia, 26% de share e 9 pontos de pico.<\/p>\n<p>Domingo Espetacular alcan\u00e7a 17 pontos e conquista o segundo lugar isolado<\/p>\n<p>No \u00faltimo domingo (12\/07) a revista eletr\u00f4nica da Record novamente conquistou o segundo lugar isolado no ranking de audi\u00eancias. No hor\u00e1rio em que foi ao ar, das 17h12 \u00e0s 20h36, o Domingo Espetacular marcou 12 pontos de m\u00e9dia, 20% de share e 17 pontos de pico.<\/p>\n<p>Rep\u00f3rter Record registra 19 pontos<\/p>\n<p>O programa jornal\u00edstico especializado em mat\u00e9rias investigativas comandado por Roberto Cabrini exibido neste domingo (12\/07) novamente registrou excelentes n\u00fameros no ranking de audi\u00eancias e conquistou o segundo lugar isolado. No hor\u00e1rio em que foi ao ar, das 20h36 \u00e0s 21h29, o Rep\u00f3rter Record marcou 16 pontos de m\u00e9dia, 25% de share 19 pontos de pico.<\/p>\n<p>O jornal\u00edstico mostrou &#8220;o amor que mata&#8221;.<\/p>\n<p>Fonte: Ibope MW GSP dados domiciliares (Os \u00edndices apresentados s\u00e3o n\u00fameros consolidados, destacando o patamar de audi\u00eancia sem casa decimal).<\/p>\n","protected":false},"excerpt":{"rendered":"<p>O programa A Fazenda exibido ontem (12\/07) registrou \u00f3timos \u00edndices de audi\u00eancia para a Record, na faixa das 21h29 \u00e0s 23h34. A Fazenda ficou com 16 pontos de m\u00e9dia, 21 de pico e 24% de share, garantindo o segundo lugar isolado no ranking das audi\u00eancias. Por 28 minutos, o programa ficou em primeiro lugar. No [&hellip;]<\/p>\n","protected":false},"author":3,"featured_media":0,"comment_status":"open","ping_status":"open","sticky":false,"template":"","format":"standard","meta":{"tdm_status":"","tdm_grid_status":"","footnotes":""},"categories":[22,343],"tags":[],"class_list":{"0":"post-5279","1":"post","2":"type-post","3":"status-publish","4":"format-standard","6":"category-brasil","7":"category-televisao"},"_links":{"self":[{"href":"https:\/\/migracao.redenoticia.com.br\/noticia\/wp-json\/wp\/v2\/posts\/5279","targetHints":{"allow":["GET"]}}],"collection":[{"href":"https:\/\/migracao.redenoticia.com.br\/noticia\/wp-json\/wp\/v2\/posts"}],"about":[{"href":"https:\/\/migracao.redenoticia.com.br\/noticia\/wp-json\/wp\/v2\/types\/post"}],"author":[{"embeddable":true,"href":"https:\/\/migracao.redenoticia.com.br\/noticia\/wp-json\/wp\/v2\/users\/3"}],"replies":[{"embeddable":true,"href":"https:\/\/migracao.redenoticia.com.br\/noticia\/wp-json\/wp\/v2\/comments?post=5279"}],"version-history":[{"count":0,"href":"https:\/\/migracao.redenoticia.com.br\/noticia\/wp-json\/wp\/v2\/posts\/5279\/revisions"}],"wp:attachment":[{"href":"https:\/\/migracao.redenoticia.com.br\/noticia\/wp-json\/wp\/v2\/media?parent=5279"}],"wp:term":[{"taxonomy":"category","embeddable":true,"href":"https:\/\/migracao.redenoticia.com.br\/noticia\/wp-json\/wp\/v2\/categories?post=5279"},{"taxonomy":"post_tag","embeddable":true,"href":"https:\/\/migracao.redenoticia.com.br\/noticia\/wp-json\/wp\/v2\/tags?post=5279"}],"curies":[{"name":"wp","href":"https:\/\/api.w.org\/{rel}","templated":true}]}}