{"id":5287,"date":"2009-07-13T13:38:26","date_gmt":"2009-07-13T17:38:26","guid":{"rendered":"http:\/\/www.redenoticia.com.br\/noticia\/?p=5287"},"modified":"2009-07-13T13:41:25","modified_gmt":"2009-07-13T17:41:25","slug":"interesse-pelo-smartphone-da-palm-cresce-34","status":"publish","type":"post","link":"https:\/\/migracao.redenoticia.com.br\/noticia\/2009\/interesse-pelo-smartphone-da-palm-cresce-34\/5287","title":{"rendered":"Tecnologia e marketing faz interesse pelo smartphone da Palm crescer 34%"},"content":{"rendered":"<p><a href=\"https:\/\/migracao.redenoticia.com.br\/noticia\/imagens\/\/smart.jpg\"><img loading=\"lazy\" decoding=\"async\" class=\"alignleft size-medium wp-image-5288\" title=\"smart\" src=\"https:\/\/migracao.redenoticia.com.br\/noticia\/imagens\/\/smart-249x187.jpg\" alt=\"smart\" width=\"249\" height=\"187\" \/><\/a>Resultado foi impulsionado pela visibilidade da tecnologia do smartphone da Palm obtida com o marketing feito no programa Aprendiz Universit\u00e1rio, na TV Record. Uma pesquisa do Instituto Datafolha apontou recall espont\u00e2neo da marca de 5% entre jovens de 16 a 25 anos.<br \/>\nA comunidade oficial do smartphone Palm Centro (<a href=\"http:\/\/www.palmcentro.com.br\" target=\"_blank\">www.palmcentro.com.br<\/a>) conseguiu ampliar em 34,6% o total de acessos no m\u00eas de maio, em compara\u00e7\u00e3o a abril. O n\u00famero de visitantes \u00fanicos e de pageviews tamb\u00e9m cresceram, 30% e 40,6%, respectivamente. O portal re\u00fane f\u00e3s do aparelho e j\u00e1 conta com mais de 5.200 usu\u00e1rios cadastrados.<\/p>\n<p>O aumento no tr\u00e1fego do site foi impulsionado pela participa\u00e7\u00e3o da Palm na sexta edi\u00e7\u00e3o do Programa Aprendiz Universit\u00e1rio, exibido pela TV Record. Os participantes do reality show utilizaram as funcionalidades do Palm Centro para realizar as provas do programa. Uma das tarefas foi patrocinada exclusivamente pela Palm, na qual os estudantes tinham de divulgar o produto em universidades e atrair o p\u00fablico para um evento.<\/p>\n<p>O estudo &#8216;Painel de Reten\u00e7\u00e3o em Merchandising&#8217;, realizado pelo Instituto Datafolha, apontou um recall espont\u00e2neo de 2% da marca Palm entre os espectadores da atra\u00e7\u00e3o. Esta porcentagem salta para 5% quando o grupo de entrevistados possui entre 16 e 25 anos, mais pr\u00f3ximo do perfil de usu\u00e1rio do Palm Centro.<\/p>\n<p>&#8220;Conseguimos difundir e consolidar o conceito do &#8220;Meu 1\u00ba Smartphone&#8221; e isso pode ser medido com base nos n\u00fameros que alcan\u00e7amos em recall da marca de 5% entre o p\u00fablico-alvo e do salto de 34% nos acessos \u00e0 comunidade virtual , mas principalmente da campanha nacional que a VIVO disparou adotando este conceito. Miss\u00e3o cumprida!&#8221;, afirma Marcelo Zenga, diretor de marketing da Palm no Brasil.<\/p>\n<p>Voltado ao p\u00fablico jovem e com a proposta de ser &#8216;o primeiro smartphone&#8217;, o Palm Centro j\u00e1 ultrapassou 3 milh\u00f5es de unidades comercializadas em todo o mundo. O modelo une design arrojado \u00e0s funcionalidades como envio e recebimento de emails via Outlook ou contas pessoais, navega\u00e7\u00e3o web, comandos de voz, tela colorida de 2,4 polegadas sens\u00edvel ao toque (touch screen) e MP3 Player.<\/p>\n","protected":false},"excerpt":{"rendered":"<p>Resultado foi impulsionado pela visibilidade da tecnologia do smartphone da Palm obtida com o marketing feito no programa Aprendiz Universit\u00e1rio, na TV Record. Uma pesquisa do Instituto Datafolha apontou recall espont\u00e2neo da marca de 5% entre jovens de 16 a 25 anos. A comunidade oficial do smartphone Palm Centro (www.palmcentro.com.br) conseguiu ampliar em 34,6% o [&hellip;]<\/p>\n","protected":false},"author":3,"featured_media":0,"comment_status":"open","ping_status":"open","sticky":false,"template":"","format":"standard","meta":{"tdm_status":"","tdm_grid_status":"","footnotes":""},"categories":[22,7],"tags":[],"class_list":{"0":"post-5287","1":"post","2":"type-post","3":"status-publish","4":"format-standard","6":"category-brasil","7":"category-economia"},"_links":{"self":[{"href":"https:\/\/migracao.redenoticia.com.br\/noticia\/wp-json\/wp\/v2\/posts\/5287","targetHints":{"allow":["GET"]}}],"collection":[{"href":"https:\/\/migracao.redenoticia.com.br\/noticia\/wp-json\/wp\/v2\/posts"}],"about":[{"href":"https:\/\/migracao.redenoticia.com.br\/noticia\/wp-json\/wp\/v2\/types\/post"}],"author":[{"embeddable":true,"href":"https:\/\/migracao.redenoticia.com.br\/noticia\/wp-json\/wp\/v2\/users\/3"}],"replies":[{"embeddable":true,"href":"https:\/\/migracao.redenoticia.com.br\/noticia\/wp-json\/wp\/v2\/comments?post=5287"}],"version-history":[{"count":0,"href":"https:\/\/migracao.redenoticia.com.br\/noticia\/wp-json\/wp\/v2\/posts\/5287\/revisions"}],"wp:attachment":[{"href":"https:\/\/migracao.redenoticia.com.br\/noticia\/wp-json\/wp\/v2\/media?parent=5287"}],"wp:term":[{"taxonomy":"category","embeddable":true,"href":"https:\/\/migracao.redenoticia.com.br\/noticia\/wp-json\/wp\/v2\/categories?post=5287"},{"taxonomy":"post_tag","embeddable":true,"href":"https:\/\/migracao.redenoticia.com.br\/noticia\/wp-json\/wp\/v2\/tags?post=5287"}],"curies":[{"name":"wp","href":"https:\/\/api.w.org\/{rel}","templated":true}]}}